{"id":170635,"date":"2020-05-20T16:07:20","date_gmt":"2020-05-20T19:07:20","guid":{"rendered":"https:\/\/www.caririemacao.com\/1\/?p=170635"},"modified":"2020-05-20T16:07:20","modified_gmt":"2020-05-20T19:07:20","slug":"prefeitura-de-zabele-instala-lavatorios-de-maos-em-locais-estrategicos","status":"publish","type":"post","link":"https:\/\/www.caririemacao.com\/1\/2020\/05\/20\/prefeitura-de-zabele-instala-lavatorios-de-maos-em-locais-estrategicos\/","title":{"rendered":"Prefeitura de Zabel\u00ea instala lavat\u00f3rios de m\u00e3os em locais estrat\u00e9gicos"},"content":{"rendered":"\n<p>A Prefeitura Municipal de Zabel\u00ea realizou, nesta quarta-feira (20\/05), a distribui\u00e7\u00e3o de lavat\u00f3rios nos pontos mais movimentados do munic\u00edpio.<\/p>\n\n\n\n<p><br>A medida \u00e9 mais uma estrat\u00e9gia do pacote de a\u00e7\u00f5es de preven\u00e7\u00e3o ao cont\u00e1gio pelo novo Coronav\u00edrus. <\/p>\n\n\n\n<p>Segundo as recomenda\u00e7\u00f5es da OMS e do Minist\u00e9rio da Sa\u00fade, a correta higieniza\u00e7\u00e3o das m\u00e3os \u00e9 uma das principais medidas de preven\u00e7\u00e3o e deve ser um h\u00e1bito na vida de cada cidad\u00e3o.&nbsp;<\/p>\n\n\n\n<p><br>Os lavat\u00f3rios v\u00e3o permitir que a popula\u00e7\u00e3o tenha \u00e0 disposi\u00e7\u00e3o os itens necess\u00e1rios para se manterem mais protegidos quando tiverem que sair de casa para fazer compras essenciais ou receber seu sal\u00e1rio, por exemplo.<\/p>\n\n\n\n<p><br>Lembrando que a medida de preven\u00e7\u00e3o mais eficaz continua sendo o isolamento social, refor\u00e7amos a import\u00e2ncia de que a popula\u00e7\u00e3o precisa ficar em casa e se tiver que sair por algum motivo, quer seja trabalho ou outra necessidade essencial, que use m\u00e1scara, higienize as m\u00e3os e mantenha o distanciamento m\u00ednimo de 1 metro das demais pessoas.<\/p>\n","protected":false},"excerpt":{"rendered":"<p>A Prefeitura Municipal de Zabel\u00ea realizou, nesta quarta-feira (20\/05), a distribui\u00e7\u00e3o de lavat\u00f3rios nos pontos mais movimentados do munic\u00edpio. A medida \u00e9 mais uma estrat\u00e9gia&hellip; <\/p>\n","protected":false},"author":2,"featured_media":170637,"comment_status":"closed","ping_status":"closed","sticky":false,"template":"","format":"standard","meta":{"sfsi_plus_gutenberg_text_before_share":"","sfsi_plus_gutenberg_show_text_before_share":"","sfsi_plus_gutenberg_icon_type":"","sfsi_plus_gutenberg_icon_alignemt":"","sfsi_plus_gutenburg_max_per_row":"","footnotes":""},"categories":[6],"tags":[],"class_list":["post-170635","post","type-post","status-publish","format-standard","has-post-thumbnail","hentry","category-cidades"],"_links":{"self":[{"href":"https:\/\/www.caririemacao.com\/1\/wp-json\/wp\/v2\/posts\/170635","targetHints":{"allow":["GET"]}}],"collection":[{"href":"https:\/\/www.caririemacao.com\/1\/wp-json\/wp\/v2\/posts"}],"about":[{"href":"https:\/\/www.caririemacao.com\/1\/wp-json\/wp\/v2\/types\/post"}],"author":[{"embeddable":true,"href":"https:\/\/www.caririemacao.com\/1\/wp-json\/wp\/v2\/users\/2"}],"replies":[{"embeddable":true,"href":"https:\/\/www.caririemacao.com\/1\/wp-json\/wp\/v2\/comments?post=170635"}],"version-history":[{"count":2,"href":"https:\/\/www.caririemacao.com\/1\/wp-json\/wp\/v2\/posts\/170635\/revisions"}],"predecessor-version":[{"id":170638,"href":"https:\/\/www.caririemacao.com\/1\/wp-json\/wp\/v2\/posts\/170635\/revisions\/170638"}],"wp:featuredmedia":[{"embeddable":true,"href":"https:\/\/www.caririemacao.com\/1\/wp-json\/wp\/v2\/media\/170637"}],"wp:attachment":[{"href":"https:\/\/www.caririemacao.com\/1\/wp-json\/wp\/v2\/media?parent=170635"}],"wp:term":[{"taxonomy":"category","embeddable":true,"href":"https:\/\/www.caririemacao.com\/1\/wp-json\/wp\/v2\/categories?post=170635"},{"taxonomy":"post_tag","embeddable":true,"href":"https:\/\/www.caririemacao.com\/1\/wp-json\/wp\/v2\/tags?post=170635"}],"curies":[{"name":"wp","href":"https:\/\/api.w.org\/{rel}","templated":true}]}}