{"id":170640,"date":"2020-05-20T16:23:21","date_gmt":"2020-05-20T19:23:21","guid":{"rendered":"https:\/\/www.caririemacao.com\/1\/?p=170640"},"modified":"2020-05-20T16:23:21","modified_gmt":"2020-05-20T19:23:21","slug":"enem-2020-sera-adiado-e-enquete-deve-escolher-datas-entre-30-a-60-dias-depois-do-previsto-diz-inep","status":"publish","type":"post","link":"https:\/\/www.caririemacao.com\/1\/2020\/05\/20\/enem-2020-sera-adiado-e-enquete-deve-escolher-datas-entre-30-a-60-dias-depois-do-previsto-diz-inep\/","title":{"rendered":"Enem 2020 ser\u00e1 adiado e enquete deve escolher datas entre 30 a 60 dias depois do previsto, diz Inep"},"content":{"rendered":"\n<p>O\u00a0Exame Nacional do Ensino M\u00e9dio (Enem)\u00a0ser\u00e1 adiado &#8220;de 30 a 60 dias em rela\u00e7\u00e3o ao que foi previsto nos editais&#8221;, de acordo com decis\u00e3o do Instituto Nacional de Estudos e Pesquisas Educacionais An\u00edsio Teixeira (Inep) e do Minist\u00e9rio da Educa\u00e7\u00e3o (MEC).<\/p>\n\n\n\n<p>A decis\u00e3o ocorre depois de o governo enfrentar questionamentos judicias cobrando o adiamento da prova por causa dos efeitos da pandemia da Covid-19, que levaram escolas a suspender as aulas presenciais. O debate sobre o adiamento da prova chegou ao Congresso: na ter\u00e7a-feira (19), o\u00a0Senado aprovou projeto que adia Enem, e o texto seguiu para avalia\u00e7\u00e3o da C\u00e2mara dos Deputados.<\/p>\n\n\n\n<p>No m\u00eas passado, o Inep adiou apenas a vers\u00e3o digital, que seria realizada nos dias 11 e 18 de outubro e passou para os dias 22 e 29 de novembro. A aplica\u00e7\u00e3o da prova impressa estava prevista para 1\u00ba e 8 de novembro.<\/p>\n\n\n\n<p>As novas datas n\u00e3o foram divulgadas.<\/p>\n\n\n\n<p>O ministro da Educa\u00e7\u00e3o, Abraham Weintraub, adotou posi\u00e7\u00e3o contr\u00e1ria ao adiamento desde que foi acionado por \u00f3rg\u00e3os e entidades como a\u00a0Defensoria P\u00fablica da Uni\u00e3o (DPU)\u00a0e a Uni\u00e3o Nacional dos Estudantes (UNE). No come\u00e7o do m\u00eas, chegou a afirmar para os senadores que reavaliaria a situa\u00e7\u00e3o do Enem novamente apenas em agosto.<\/p>\n\n\n\n<p>Entretanto, nesta manh\u00e3, Weintraub disse que considerou a movimenta\u00e7\u00e3o no Congresso e ouviu os l\u00edderes do Centro para decidir pelo adiamento.<\/p>\n\n\n\n<blockquote class=\"wp-block-quote is-layout-flow wp-block-quote-is-layout-flow\"><p>&#8220;Diante dos recentes acontecimentos no Congresso e conversando com l\u00edderes do centro, sugiro que o ENEM seja adiado de 30 a 60 dias. Pe\u00e7o que escutem os mais de 4 milh\u00f5es de estudantes j\u00e1 inscritos para a escolha da nova data de aplica\u00e7\u00e3o do exame&#8221; &#8211; Abraham Weintraub<\/p><\/blockquote>\n\n\n\n<p>Na ter\u00e7a, o MEC disse que iria, em junho,\u00a0consultar os inscritos para decidir se adiaria o exame. Agora, no novo posicionamento, o governo afirmou que vai fazer uma enquete com os participantes para definir as novas datas.<\/p>\n\n\n\n<p>Veja abaixo a \u00edntegra da nota divulgada pelo Inep:<\/p>\n\n\n\n<p><em>&#8220;NOTA OFICIAL | Adiamento do Enem 2020<\/em><\/p>\n\n\n\n<p><em>Atento \u00e0s demandas da sociedade e \u00e0s manifesta\u00e7\u00f5es do Poder Legislativo em fun\u00e7\u00e3o do impacto da pandemia do coronav\u00edrus no Exame Nacional do Ensino M\u00e9dio (Enem) 2020, o Instituto Nacional de Estudos e Pesquisas Educacionais An\u00edsio Teixeira (Inep) e o Minist\u00e9rio da Educa\u00e7\u00e3o (MEC) decidiram pelo adiamento da aplica\u00e7\u00e3o dos exames nas vers\u00f5es impressa e digital. As datas ser\u00e3o adiadas de 30 a 60 dias em rela\u00e7\u00e3o ao que foi previsto nos editais.<\/em><\/p>\n\n\n\n<p><em>Para tanto, o Inep promover\u00e1 uma enquete direcionada aos inscritos do Enem 2020, a ser realizada em junho, por meio da P\u00e1gina do Participante. As inscri\u00e7\u00f5es para o exame seguem abertas at\u00e9 as 23h59 desta sexta-feira, 22 de maio.&#8221;<\/em><\/p>\n\n\n\n<p>Com G1<\/p>\n","protected":false},"excerpt":{"rendered":"<p>O\u00a0Exame Nacional do Ensino M\u00e9dio (Enem)\u00a0ser\u00e1 adiado &#8220;de 30 a 60 dias em rela\u00e7\u00e3o ao que foi previsto nos editais&#8221;, de acordo com decis\u00e3o do&hellip; <\/p>\n","protected":false},"author":1,"featured_media":169985,"comment_status":"closed","ping_status":"closed","sticky":false,"template":"","format":"standard","meta":{"sfsi_plus_gutenberg_text_before_share":"","sfsi_plus_gutenberg_show_text_before_share":"","sfsi_plus_gutenberg_icon_type":"","sfsi_plus_gutenberg_icon_alignemt":"","sfsi_plus_gutenburg_max_per_row":"","footnotes":""},"categories":[50,14],"tags":[],"class_list":["post-170640","post","type-post","status-publish","format-standard","has-post-thumbnail","hentry","category-destaque","category-educacao"],"_links":{"self":[{"href":"https:\/\/www.caririemacao.com\/1\/wp-json\/wp\/v2\/posts\/170640","targetHints":{"allow":["GET"]}}],"collection":[{"href":"https:\/\/www.caririemacao.com\/1\/wp-json\/wp\/v2\/posts"}],"about":[{"href":"https:\/\/www.caririemacao.com\/1\/wp-json\/wp\/v2\/types\/post"}],"author":[{"embeddable":true,"href":"https:\/\/www.caririemacao.com\/1\/wp-json\/wp\/v2\/users\/1"}],"replies":[{"embeddable":true,"href":"https:\/\/www.caririemacao.com\/1\/wp-json\/wp\/v2\/comments?post=170640"}],"version-history":[{"count":1,"href":"https:\/\/www.caririemacao.com\/1\/wp-json\/wp\/v2\/posts\/170640\/revisions"}],"predecessor-version":[{"id":170641,"href":"https:\/\/www.caririemacao.com\/1\/wp-json\/wp\/v2\/posts\/170640\/revisions\/170641"}],"wp:featuredmedia":[{"embeddable":true,"href":"https:\/\/www.caririemacao.com\/1\/wp-json\/wp\/v2\/media\/169985"}],"wp:attachment":[{"href":"https:\/\/www.caririemacao.com\/1\/wp-json\/wp\/v2\/media?parent=170640"}],"wp:term":[{"taxonomy":"category","embeddable":true,"href":"https:\/\/www.caririemacao.com\/1\/wp-json\/wp\/v2\/categories?post=170640"},{"taxonomy":"post_tag","embeddable":true,"href":"https:\/\/www.caririemacao.com\/1\/wp-json\/wp\/v2\/tags?post=170640"}],"curies":[{"name":"wp","href":"https:\/\/api.w.org\/{rel}","templated":true}]}}