{"id":170644,"date":"2020-05-20T17:17:37","date_gmt":"2020-05-20T20:17:37","guid":{"rendered":"https:\/\/www.caririemacao.com\/1\/?p=170644"},"modified":"2020-05-20T17:17:37","modified_gmt":"2020-05-20T20:17:37","slug":"sume-registra-2o-caso-de-covid-19-no-municipio","status":"publish","type":"post","link":"https:\/\/www.caririemacao.com\/1\/2020\/05\/20\/sume-registra-2o-caso-de-covid-19-no-municipio\/","title":{"rendered":"Sum\u00e9 registra 2\u00ba caso de Covid-19 no munic\u00edpio"},"content":{"rendered":"\n<p>A Secretaria de Sa\u00fade de Sum\u00e9, por meio da Vigilancia Epidemiol\u00f3gica, confirmou, no in\u00edcio da tarde desta quarta-feira (20) mais um caso positivo de coronav\u00edrus (Covid-19) no munic\u00edpio. Trata-se de uma mulher de 32 anos, com hist\u00f3rico de viagens para Campina Grande.<\/p>\n\n\n\n<p>A paciente procurou a unidade b\u00e1sica de Sa\u00fade no dia 14 de maio, apresentando alguns sintomas, e foi notificada pela equipe, que seguiu rigorosamente todos os protocolos, j\u00e1 saiu da unidade com agendamento marcado para realiza\u00e7\u00e3o de teste r\u00e1pido, onde foi realizado nesta quarta-feira.<br>A Prefeitura de Sum\u00e9 refor\u00e7a cada vez mais que as pessoas fiquem em casa, saindo somente para necessidades urgentes.<\/p>\n","protected":false},"excerpt":{"rendered":"<p>A Secretaria de Sa\u00fade de Sum\u00e9, por meio da Vigilancia Epidemiol\u00f3gica, confirmou, no in\u00edcio da tarde desta quarta-feira (20) mais um caso positivo de coronav\u00edrus&hellip; <\/p>\n","protected":false},"author":2,"featured_media":170536,"comment_status":"closed","ping_status":"closed","sticky":false,"template":"","format":"standard","meta":{"sfsi_plus_gutenberg_text_before_share":"","sfsi_plus_gutenberg_show_text_before_share":"","sfsi_plus_gutenberg_icon_type":"","sfsi_plus_gutenberg_icon_alignemt":"","sfsi_plus_gutenburg_max_per_row":"","footnotes":""},"categories":[6],"tags":[],"class_list":["post-170644","post","type-post","status-publish","format-standard","has-post-thumbnail","hentry","category-cidades"],"_links":{"self":[{"href":"https:\/\/www.caririemacao.com\/1\/wp-json\/wp\/v2\/posts\/170644","targetHints":{"allow":["GET"]}}],"collection":[{"href":"https:\/\/www.caririemacao.com\/1\/wp-json\/wp\/v2\/posts"}],"about":[{"href":"https:\/\/www.caririemacao.com\/1\/wp-json\/wp\/v2\/types\/post"}],"author":[{"embeddable":true,"href":"https:\/\/www.caririemacao.com\/1\/wp-json\/wp\/v2\/users\/2"}],"replies":[{"embeddable":true,"href":"https:\/\/www.caririemacao.com\/1\/wp-json\/wp\/v2\/comments?post=170644"}],"version-history":[{"count":1,"href":"https:\/\/www.caririemacao.com\/1\/wp-json\/wp\/v2\/posts\/170644\/revisions"}],"predecessor-version":[{"id":170645,"href":"https:\/\/www.caririemacao.com\/1\/wp-json\/wp\/v2\/posts\/170644\/revisions\/170645"}],"wp:featuredmedia":[{"embeddable":true,"href":"https:\/\/www.caririemacao.com\/1\/wp-json\/wp\/v2\/media\/170536"}],"wp:attachment":[{"href":"https:\/\/www.caririemacao.com\/1\/wp-json\/wp\/v2\/media?parent=170644"}],"wp:term":[{"taxonomy":"category","embeddable":true,"href":"https:\/\/www.caririemacao.com\/1\/wp-json\/wp\/v2\/categories?post=170644"},{"taxonomy":"post_tag","embeddable":true,"href":"https:\/\/www.caririemacao.com\/1\/wp-json\/wp\/v2\/tags?post=170644"}],"curies":[{"name":"wp","href":"https:\/\/api.w.org\/{rel}","templated":true}]}}