{"id":170647,"date":"2020-05-20T18:36:41","date_gmt":"2020-05-20T21:36:41","guid":{"rendered":"https:\/\/www.caririemacao.com\/1\/?p=170647"},"modified":"2020-05-20T18:36:41","modified_gmt":"2020-05-20T21:36:41","slug":"jovens-testam-positivo-para-covid-19-e-monteiro-e-congo-registram-mais-um-caso-da-doenca-em-seus-municipios","status":"publish","type":"post","link":"https:\/\/www.caririemacao.com\/1\/2020\/05\/20\/jovens-testam-positivo-para-covid-19-e-monteiro-e-congo-registram-mais-um-caso-da-doenca-em-seus-municipios\/","title":{"rendered":"Jovens testam positivo para Covid-19 e Monteiro e Congo registram mais um caso da doen\u00e7a em seus munic\u00edpios"},"content":{"rendered":"\n<p>Os munic\u00edpios de Monteiro e Congo divulgaram na tarde desta quarta-feira(20) a atualiza\u00e7\u00e3o de seus boletins epidemiol\u00f3gicos, nas quais confirmaram o aumento de mais um caso de Covid-19 em seus respectivos munic\u00edpios.<\/p>\n\n\n\n<p>Em Monteiro, a Secretaria Municipal de Sa\u00fade confirmou que mais um paciente foi diagnosticado com o novo v\u00edrus. O novo caso trata-se de um paciente, de 30 anos, do sexo masculino, sem comorbidades, que recebeu diagn\u00f3stico ap\u00f3s realiza\u00e7\u00e3o de teste r\u00e1pido reagente.<\/p>\n\n\n\n<p>O paciente segue em isolamento domiciliar sendo monitorado pela equipe de Vigil\u00e2ncia em Sa\u00fade.<\/p>\n\n\n\n<p>Com isso, Monteiro segue com 14 casos confirmados, seguindo ainda com 76 casos suspeitos que est\u00e3o sob investiga\u00e7\u00e3o pela unidade municipal de sa\u00fade.<\/p>\n\n\n\n<div class=\"wp-block-image\"><figure class=\"aligncenter\"><img decoding=\"async\" data-src=\"http:\/\/deolhonocariri.com.br\/wp-content\/uploads\/2020\/05\/98338108_2940284532753260_6725545595827650560_o.png\" alt=\"\" class=\"wp-image-82716 lazyload\" src=\"data:image\/svg+xml;base64,PHN2ZyB3aWR0aD0iMSIgaGVpZ2h0PSIxIiB4bWxucz0iaHR0cDovL3d3dy53My5vcmcvMjAwMC9zdmciPjwvc3ZnPg==\" \/><\/figure><\/div>\n\n\n\n<p><strong>CONGO<\/strong><\/p>\n\n\n\n<p>J\u00e1 na cidade do Congo, a Secretaria de Sa\u00fade do munic\u00edpio atualizou o seu boletim, informando o resultado de 4 testes r\u00e1pidos da Covid-19 realizados no dia de hoje. Tr\u00eas casos testaram negativo, portanto s\u00e3o casos descartados. J\u00e1 um paciente testou positivo e entrou na estat\u00edstica de casos confirmados no munic\u00edpio.<\/p>\n\n\n\n<p>O novo caso confirmado \u00e9 de uma jovem de 24 anos, sexo feminino, que reside na cidade. A paciente est\u00e1 em casa e segue orientada a cumprir o isolamento domiciliar e sendo monitorada pela secretaria de sa\u00fade.<\/p>\n\n\n\n<p>O munic\u00edpio do Congo segue at\u00e9 o momento com 11 casos confirmados e nenhum caso em investiga\u00e7\u00e3o. Tendo j\u00e1 em seu registro, um caso de \u00f3bito que uma senhora de 84 anos que veio a \u00f3bito quando estava internada em Campina Grande.<\/p>\n\n\n\n<div class=\"wp-block-image\"><figure class=\"aligncenter\"><img decoding=\"async\" data-src=\"http:\/\/deolhonocariri.com.br\/wp-content\/uploads\/2020\/05\/98007723_2996318093783774_3593453932308856832_o.jpg\" alt=\"\" class=\"wp-image-82717 lazyload\" src=\"data:image\/svg+xml;base64,PHN2ZyB3aWR0aD0iMSIgaGVpZ2h0PSIxIiB4bWxucz0iaHR0cDovL3d3dy53My5vcmcvMjAwMC9zdmciPjwvc3ZnPg==\" \/><\/figure><\/div>\n\n\n\n<p><strong>De Olho no Cariri<\/strong><\/p>\n","protected":false},"excerpt":{"rendered":"<p>Os munic\u00edpios de Monteiro e Congo divulgaram na tarde desta quarta-feira(20) a atualiza\u00e7\u00e3o de seus boletins epidemiol\u00f3gicos, nas quais confirmaram o aumento de mais um&hellip; <\/p>\n","protected":false},"author":1,"featured_media":170648,"comment_status":"closed","ping_status":"closed","sticky":false,"template":"","format":"standard","meta":{"sfsi_plus_gutenberg_text_before_share":"","sfsi_plus_gutenberg_show_text_before_share":"","sfsi_plus_gutenberg_icon_type":"","sfsi_plus_gutenberg_icon_alignemt":"","sfsi_plus_gutenburg_max_per_row":"","footnotes":""},"categories":[50,16],"tags":[],"class_list":["post-170647","post","type-post","status-publish","format-standard","has-post-thumbnail","hentry","category-destaque","category-saude"],"_links":{"self":[{"href":"https:\/\/www.caririemacao.com\/1\/wp-json\/wp\/v2\/posts\/170647","targetHints":{"allow":["GET"]}}],"collection":[{"href":"https:\/\/www.caririemacao.com\/1\/wp-json\/wp\/v2\/posts"}],"about":[{"href":"https:\/\/www.caririemacao.com\/1\/wp-json\/wp\/v2\/types\/post"}],"author":[{"embeddable":true,"href":"https:\/\/www.caririemacao.com\/1\/wp-json\/wp\/v2\/users\/1"}],"replies":[{"embeddable":true,"href":"https:\/\/www.caririemacao.com\/1\/wp-json\/wp\/v2\/comments?post=170647"}],"version-history":[{"count":1,"href":"https:\/\/www.caririemacao.com\/1\/wp-json\/wp\/v2\/posts\/170647\/revisions"}],"predecessor-version":[{"id":170649,"href":"https:\/\/www.caririemacao.com\/1\/wp-json\/wp\/v2\/posts\/170647\/revisions\/170649"}],"wp:featuredmedia":[{"embeddable":true,"href":"https:\/\/www.caririemacao.com\/1\/wp-json\/wp\/v2\/media\/170648"}],"wp:attachment":[{"href":"https:\/\/www.caririemacao.com\/1\/wp-json\/wp\/v2\/media?parent=170647"}],"wp:term":[{"taxonomy":"category","embeddable":true,"href":"https:\/\/www.caririemacao.com\/1\/wp-json\/wp\/v2\/categories?post=170647"},{"taxonomy":"post_tag","embeddable":true,"href":"https:\/\/www.caririemacao.com\/1\/wp-json\/wp\/v2\/tags?post=170647"}],"curies":[{"name":"wp","href":"https:\/\/api.w.org\/{rel}","templated":true}]}}