{"id":170650,"date":"2020-05-20T18:42:45","date_gmt":"2020-05-20T21:42:45","guid":{"rendered":"https:\/\/www.caririemacao.com\/1\/?p=170650"},"modified":"2020-05-20T18:42:45","modified_gmt":"2020-05-20T21:42:45","slug":"monteiro-prefeitura-e-estado-unem-se-em-acao-de-testagem-de-covid-19-em-idosos","status":"publish","type":"post","link":"https:\/\/www.caririemacao.com\/1\/2020\/05\/20\/monteiro-prefeitura-e-estado-unem-se-em-acao-de-testagem-de-covid-19-em-idosos\/","title":{"rendered":"Monteiro: Prefeitura e Estado unem-se em a\u00e7\u00e3o de testagem de Covid-19 em idosos"},"content":{"rendered":"\n<p>Os idosos da Institui\u00e7\u00e3o de Longa Perman\u00eancia Iracema de Azevedo Menezes &#8211; &#8220;Abrigo de Idosos&#8221; foram testados para coronav\u00edrus na tarde desta ter\u00e7a-feira, 19.<\/p>\n\n\n\n<p>Com diversas a\u00e7\u00f5es voltadas para o combate a dissemina\u00e7\u00e3o do coronav\u00edrus no munic\u00edpio, a Prefeitura de Monteiro tem contado com o apoio do Governo do Estado, e uma delas dedicou-se na tarde desta ter\u00e7a-feira aos idosos do \u201cAbrigo\u201d e profissionais que trabalham no local.<\/p>\n\n\n\n<p>Na oportunidade a equipe da sa\u00fade realizou testes r\u00e1pidos em 24 idosos e 16 profissionais na Institui\u00e7\u00e3o de Longa Perman\u00eancia e todos obtiveram resultado negativo para COVID 19.<\/p>\n\n\n\n<figure class=\"wp-block-image size-large\"><img fetchpriority=\"high\" decoding=\"async\" width=\"1024\" height=\"681\" src=\"https:\/\/www.caririemacao.com\/1\/wp-content\/uploads\/2020\/05\/atencao-e-prevencao-prefeitura-e-estado-unem-se-em-acao-de-testagem-de-covid-19-em-idosos-5-1024x681.jpeg\" alt=\"\" class=\"wp-image-170652\" srcset=\"https:\/\/www.caririemacao.com\/1\/wp-content\/uploads\/2020\/05\/atencao-e-prevencao-prefeitura-e-estado-unem-se-em-acao-de-testagem-de-covid-19-em-idosos-5-1024x681.jpeg 1024w, https:\/\/www.caririemacao.com\/1\/wp-content\/uploads\/2020\/05\/atencao-e-prevencao-prefeitura-e-estado-unem-se-em-acao-de-testagem-de-covid-19-em-idosos-5-300x199.jpeg 300w, https:\/\/www.caririemacao.com\/1\/wp-content\/uploads\/2020\/05\/atencao-e-prevencao-prefeitura-e-estado-unem-se-em-acao-de-testagem-de-covid-19-em-idosos-5-768x511.jpeg 768w, https:\/\/www.caririemacao.com\/1\/wp-content\/uploads\/2020\/05\/atencao-e-prevencao-prefeitura-e-estado-unem-se-em-acao-de-testagem-de-covid-19-em-idosos-5.jpeg 1280w\" sizes=\"(max-width: 1024px) 100vw, 1024px\" \/><\/figure>\n\n\n\n<p>\u201cNossas equipes est\u00e3o trabalhando incansavelmente na conscientiza\u00e7\u00e3o, orienta\u00e7\u00e3o e tamb\u00e9m na linha de frente lidando com pacientes e realizando os testes. Este \u00e9 um momento muito delicado e principalmente para os idosos, por este motivo foi realizada esta a\u00e7\u00e3o e gra\u00e7as \u00e0 Deus todos, incluindo funcion\u00e1rios da institui\u00e7\u00e3o, testaram negativo. Vamos continuar a luta e contamos tamb\u00e9m e principalmente com a ajuda da popula\u00e7\u00e3o\u201d, comenta a prefeita Anna Lorena.<\/p>\n","protected":false},"excerpt":{"rendered":"<p>Os idosos da Institui\u00e7\u00e3o de Longa Perman\u00eancia Iracema de Azevedo Menezes &#8211; &#8220;Abrigo de Idosos&#8221; foram testados para coronav\u00edrus na tarde desta ter\u00e7a-feira, 19. Com&hellip; <\/p>\n","protected":false},"author":1,"featured_media":170651,"comment_status":"closed","ping_status":"closed","sticky":false,"template":"","format":"standard","meta":{"sfsi_plus_gutenberg_text_before_share":"","sfsi_plus_gutenberg_show_text_before_share":"","sfsi_plus_gutenberg_icon_type":"","sfsi_plus_gutenberg_icon_alignemt":"","sfsi_plus_gutenburg_max_per_row":"","footnotes":""},"categories":[6,16],"tags":[],"class_list":["post-170650","post","type-post","status-publish","format-standard","has-post-thumbnail","hentry","category-cidades","category-saude"],"_links":{"self":[{"href":"https:\/\/www.caririemacao.com\/1\/wp-json\/wp\/v2\/posts\/170650","targetHints":{"allow":["GET"]}}],"collection":[{"href":"https:\/\/www.caririemacao.com\/1\/wp-json\/wp\/v2\/posts"}],"about":[{"href":"https:\/\/www.caririemacao.com\/1\/wp-json\/wp\/v2\/types\/post"}],"author":[{"embeddable":true,"href":"https:\/\/www.caririemacao.com\/1\/wp-json\/wp\/v2\/users\/1"}],"replies":[{"embeddable":true,"href":"https:\/\/www.caririemacao.com\/1\/wp-json\/wp\/v2\/comments?post=170650"}],"version-history":[{"count":1,"href":"https:\/\/www.caririemacao.com\/1\/wp-json\/wp\/v2\/posts\/170650\/revisions"}],"predecessor-version":[{"id":170653,"href":"https:\/\/www.caririemacao.com\/1\/wp-json\/wp\/v2\/posts\/170650\/revisions\/170653"}],"wp:featuredmedia":[{"embeddable":true,"href":"https:\/\/www.caririemacao.com\/1\/wp-json\/wp\/v2\/media\/170651"}],"wp:attachment":[{"href":"https:\/\/www.caririemacao.com\/1\/wp-json\/wp\/v2\/media?parent=170650"}],"wp:term":[{"taxonomy":"category","embeddable":true,"href":"https:\/\/www.caririemacao.com\/1\/wp-json\/wp\/v2\/categories?post=170650"},{"taxonomy":"post_tag","embeddable":true,"href":"https:\/\/www.caririemacao.com\/1\/wp-json\/wp\/v2\/tags?post=170650"}],"curies":[{"name":"wp","href":"https:\/\/api.w.org\/{rel}","templated":true}]}}