{"id":170654,"date":"2020-05-20T18:57:49","date_gmt":"2020-05-20T21:57:49","guid":{"rendered":"https:\/\/www.caririemacao.com\/1\/?p=170654"},"modified":"2020-05-20T18:57:49","modified_gmt":"2020-05-20T21:57:49","slug":"mais-luz-no-caminho-programa-leva-luz-a-52-familias-de-cinco-comunidades-rurais","status":"publish","type":"post","link":"https:\/\/www.caririemacao.com\/1\/2020\/05\/20\/mais-luz-no-caminho-programa-leva-luz-a-52-familias-de-cinco-comunidades-rurais\/","title":{"rendered":"&#8220;Mais luz no caminho&#8221; programa leva  luz a 52 fam\u00edlias de cinco comunidades rurais"},"content":{"rendered":"\n<p>A prefeita de Monteiro, Anna Lorena, atendendo uma reivindica\u00e7\u00e3o dos representantes de mais de 50 associa\u00e7\u00f5es existentes nas comunidades rurais do munic\u00edpio, determinou a continua\u00e7\u00e3o do que j\u00e1 \u00e9 considerado o maior programa de Ilumina\u00e7\u00e3o rural da hist\u00f3ria do munic\u00edpio.<\/p>\n\n\n\n<p>O programa \u201cMAIS LUZ NO CAMPO\u201d, visa suprir a demanda de ilumina\u00e7\u00e3o p\u00fablica de todas as resid\u00eancias da zona rural, com a substitui\u00e7\u00e3o de l\u00e2mpadas, soquetes, bocal, rel\u00e9, lumin\u00e1ria, bra\u00e7os de sustenta\u00e7\u00e3o ou qualquer outro servi\u00e7o de manuten\u00e7\u00e3o necess\u00e1rio.<\/p>\n\n\n\n<p>Na \u00faltima semana, a equipe de eletricistas da Secretaria de Agricultura esteve fazendo o trabalho de reposi\u00e7\u00e3o de l\u00e2mpadas e colocando lumin\u00e1rias em cinco comunidades, atendendo 52 fam\u00edlias.<\/p>\n\n\n\n<p>Nas Comunidades da Extrema e Mulungu, foram feitos 11 atendimentos, sob acompanhamento e supervis\u00e3o da presidente, Dona Francisca. Nas comunidades de Bredos e Riacho Verde, foram realizados servi\u00e7os de ilumina\u00e7\u00e3o beneficiando 27 fam\u00edlias e, na comunidade de Cachoeirinha, foram realizados mais 14 atendimentos, com acompanhamento e supervis\u00e3o do l\u00edder comunit\u00e1rio Gilson, totalizando 52 fam\u00edlias beneficiadas.<\/p>\n\n\n\n<p><strong>COMO SOLICITAR OS SERVI\u00c7OS<br><\/strong><br>Para ter acesso ao programa, todas as demandas de cada comunidade dever\u00e3o ser encaminhadas via associa\u00e7\u00e3o rural, \u00e0 Secretaria de Agricultura do Munic\u00edpio, que inclui na agenda de servi\u00e7os e j\u00e1 estabelece um prazo m\u00e9dio de in\u00edcio e conclus\u00e3o dos servi\u00e7os para cada comunidade. Na data agendada, a equipe de eletricistas \u00e9 acompanhada pelo presidente da associa\u00e7\u00e3o rural ou seu representante para comprova\u00e7\u00e3o dos servi\u00e7os realizados.<\/p>\n","protected":false},"excerpt":{"rendered":"<p>A prefeita de Monteiro, Anna Lorena, atendendo uma reivindica\u00e7\u00e3o dos representantes de mais de 50 associa\u00e7\u00f5es existentes nas comunidades rurais do munic\u00edpio, determinou a continua\u00e7\u00e3o&hellip; <\/p>\n","protected":false},"author":1,"featured_media":170655,"comment_status":"closed","ping_status":"closed","sticky":false,"template":"","format":"standard","meta":{"sfsi_plus_gutenberg_text_before_share":"","sfsi_plus_gutenberg_show_text_before_share":"","sfsi_plus_gutenberg_icon_type":"","sfsi_plus_gutenberg_icon_alignemt":"","sfsi_plus_gutenburg_max_per_row":"","footnotes":""},"categories":[6,50],"tags":[],"class_list":["post-170654","post","type-post","status-publish","format-standard","has-post-thumbnail","hentry","category-cidades","category-destaque"],"_links":{"self":[{"href":"https:\/\/www.caririemacao.com\/1\/wp-json\/wp\/v2\/posts\/170654","targetHints":{"allow":["GET"]}}],"collection":[{"href":"https:\/\/www.caririemacao.com\/1\/wp-json\/wp\/v2\/posts"}],"about":[{"href":"https:\/\/www.caririemacao.com\/1\/wp-json\/wp\/v2\/types\/post"}],"author":[{"embeddable":true,"href":"https:\/\/www.caririemacao.com\/1\/wp-json\/wp\/v2\/users\/1"}],"replies":[{"embeddable":true,"href":"https:\/\/www.caririemacao.com\/1\/wp-json\/wp\/v2\/comments?post=170654"}],"version-history":[{"count":1,"href":"https:\/\/www.caririemacao.com\/1\/wp-json\/wp\/v2\/posts\/170654\/revisions"}],"predecessor-version":[{"id":170656,"href":"https:\/\/www.caririemacao.com\/1\/wp-json\/wp\/v2\/posts\/170654\/revisions\/170656"}],"wp:featuredmedia":[{"embeddable":true,"href":"https:\/\/www.caririemacao.com\/1\/wp-json\/wp\/v2\/media\/170655"}],"wp:attachment":[{"href":"https:\/\/www.caririemacao.com\/1\/wp-json\/wp\/v2\/media?parent=170654"}],"wp:term":[{"taxonomy":"category","embeddable":true,"href":"https:\/\/www.caririemacao.com\/1\/wp-json\/wp\/v2\/categories?post=170654"},{"taxonomy":"post_tag","embeddable":true,"href":"https:\/\/www.caririemacao.com\/1\/wp-json\/wp\/v2\/tags?post=170654"}],"curies":[{"name":"wp","href":"https:\/\/api.w.org\/{rel}","templated":true}]}}