{"id":170660,"date":"2020-05-20T20:13:04","date_gmt":"2020-05-20T23:13:04","guid":{"rendered":"https:\/\/www.caririemacao.com\/1\/?p=170660"},"modified":"2020-05-20T20:13:04","modified_gmt":"2020-05-20T23:13:04","slug":"stf-homologa-repasse-de-r-65-bi-a-estados-e-da-60-dias-para-uniao-apresentar-projeto","status":"publish","type":"post","link":"https:\/\/www.caririemacao.com\/1\/2020\/05\/20\/stf-homologa-repasse-de-r-65-bi-a-estados-e-da-60-dias-para-uniao-apresentar-projeto\/","title":{"rendered":"STF homologa repasse de R$ 65 bi a estados e d\u00e1 60 dias para Uni\u00e3o apresentar projeto"},"content":{"rendered":"\n<p>O STF (Supremo Tribunal Federal) homologou, nesta quarta-feira (20), acordo que prev\u00ea o repasse de R$ 65,5 bilh\u00f5es da Uni\u00e3o para estados e o Distrito Federal -R$ 58 bilh\u00f5es t\u00eam de ser pagos at\u00e9 2037.<\/p>\n\n\n\n<p>Oito ministros j\u00e1 votaram para, agora, dar prazo de 60 dias para o Executivo federal apresentar um projeto de lei complementar, a ser aprovado pelo Congresso, que regulamente o repasse da verba.<\/p>\n\n\n\n<p>O acordo diz respeito a perdas geradas pela Lei Kandir, que isentou as exporta\u00e7\u00f5es de cobran\u00e7a do ICMS (Imposto sobre Circula\u00e7\u00e3o de Mercadorias e Servi\u00e7os), uma das principais fontes de arrecada\u00e7\u00e3o dos estados.<\/p>\n\n\n\n<p>Os entes da federa\u00e7\u00e3o haviam chegado a um consenso na manh\u00e3 desta quarta-feira. A homologa\u00e7\u00e3o pelo Supremo p\u00f5e fim a uma das principais disputas fiscais entre governos estadual e federal nas \u00faltimas d\u00e9cadas.<\/p>\n\n\n\n<p>Votaram para firmar o acordo os ministros Gilmar Mendes, Alexandre de Moraes, Edson Fachin, Lu\u00eds Roberto Barroso, Rosa Weber, Luiz Fux, C\u00e1rmen L\u00facia, Ricardo Lewandowski e Dias Toffoli. Apenas o ministro Marco Aur\u00e9lio divergiu. O ministro Celso de Mello n\u00e3o participou da sess\u00e3o.<\/p>\n\n\n\n<p>Dos 65,5 bilh\u00f5es, R$ 58 bilh\u00f5es t\u00eam de ser depositados aos entes da federa\u00e7\u00e3o at\u00e9 2037 e o envio do valor restante fica sujeito a condicionantes, como a aprova\u00e7\u00e3o de uma emenda constitucional sobre o Pacto Federativo e o leil\u00e3o de petr\u00f3leo dos blocos de Atapu e S\u00e9pia, inicialmente previsto para ocorrer este ano.<\/p>\n\n\n\n<p>Aprovada em 1996, a Lei Kandir prev\u00ea que a Uni\u00e3o compense os estados e o Distrito Federal pelo ICMS que deixa de ser arrecadado com a desonera\u00e7\u00e3o das exporta\u00e7\u00f5es.<\/p>\n\n\n\n<p>A forma do repasse previsto na legisla\u00e7\u00e3o, entretanto, nunca chegou a ser regulamentada. Desta forma, governadores passaram a cobrar no STF alguma resolu\u00e7\u00e3o para o caso.<\/p>\n\n\n\n<p>O acordo estabelece que, agora, os entes da federa\u00e7\u00e3o ter\u00e3o de retirar da corte os processos que cobraram uma solu\u00e7\u00e3o para o impasse.<\/p>\n\n\n\n<p><em>Folhapress<\/em><\/p>\n\n\n\n<p>De Olho no Cariri<\/p>\n","protected":false},"excerpt":{"rendered":"<p>O STF (Supremo Tribunal Federal) homologou, nesta quarta-feira (20), acordo que prev\u00ea o repasse de R$ 65,5 bilh\u00f5es da Uni\u00e3o para estados e o Distrito&hellip; <\/p>\n","protected":false},"author":1,"featured_media":170661,"comment_status":"closed","ping_status":"closed","sticky":false,"template":"","format":"standard","meta":{"sfsi_plus_gutenberg_text_before_share":"","sfsi_plus_gutenberg_show_text_before_share":"","sfsi_plus_gutenberg_icon_type":"","sfsi_plus_gutenberg_icon_alignemt":"","sfsi_plus_gutenburg_max_per_row":"","footnotes":""},"categories":[2],"tags":[],"class_list":["post-170660","post","type-post","status-publish","format-standard","has-post-thumbnail","hentry","category-geral"],"_links":{"self":[{"href":"https:\/\/www.caririemacao.com\/1\/wp-json\/wp\/v2\/posts\/170660","targetHints":{"allow":["GET"]}}],"collection":[{"href":"https:\/\/www.caririemacao.com\/1\/wp-json\/wp\/v2\/posts"}],"about":[{"href":"https:\/\/www.caririemacao.com\/1\/wp-json\/wp\/v2\/types\/post"}],"author":[{"embeddable":true,"href":"https:\/\/www.caririemacao.com\/1\/wp-json\/wp\/v2\/users\/1"}],"replies":[{"embeddable":true,"href":"https:\/\/www.caririemacao.com\/1\/wp-json\/wp\/v2\/comments?post=170660"}],"version-history":[{"count":1,"href":"https:\/\/www.caririemacao.com\/1\/wp-json\/wp\/v2\/posts\/170660\/revisions"}],"predecessor-version":[{"id":170662,"href":"https:\/\/www.caririemacao.com\/1\/wp-json\/wp\/v2\/posts\/170660\/revisions\/170662"}],"wp:featuredmedia":[{"embeddable":true,"href":"https:\/\/www.caririemacao.com\/1\/wp-json\/wp\/v2\/media\/170661"}],"wp:attachment":[{"href":"https:\/\/www.caririemacao.com\/1\/wp-json\/wp\/v2\/media?parent=170660"}],"wp:term":[{"taxonomy":"category","embeddable":true,"href":"https:\/\/www.caririemacao.com\/1\/wp-json\/wp\/v2\/categories?post=170660"},{"taxonomy":"post_tag","embeddable":true,"href":"https:\/\/www.caririemacao.com\/1\/wp-json\/wp\/v2\/tags?post=170660"}],"curies":[{"name":"wp","href":"https:\/\/api.w.org\/{rel}","templated":true}]}}