{"id":170664,"date":"2020-05-20T21:54:05","date_gmt":"2020-05-21T00:54:05","guid":{"rendered":"https:\/\/www.caririemacao.com\/1\/?p=170664"},"modified":"2020-05-20T21:55:14","modified_gmt":"2020-05-21T00:55:14","slug":"deputado-do-psl-morto-por-covid-19-usou-cloroquina-no-tratamento","status":"publish","type":"post","link":"https:\/\/www.caririemacao.com\/1\/2020\/05\/20\/deputado-do-psl-morto-por-covid-19-usou-cloroquina-no-tratamento\/","title":{"rendered":"Deputado do PSL morto por Covid-19 usou cloroquina no tratamento"},"content":{"rendered":"\n<p>O deputado estadual&nbsp;Gil Vianna&nbsp;(PSL\/RJ), que morreu na noite de ontem em decorr\u00eancia de complica\u00e7\u00f5es da Covid-19, foi tratado com cloroquina.<\/p>\n\n\n\n<p>A administra\u00e7\u00e3o do medicamento, associado a outros, \u00e9 protocolo do Hospital da Unimed em que ele estava internado, em Campos dos Goytacazes (RJ), para pacientes de coronav\u00edrus em estado grave.<\/p>\n\n\n\n<p><em>Do O Globo.<\/em><\/p>\n\n\n\n<p>Para\u00edba j\u00e1<\/p>\n","protected":false},"excerpt":{"rendered":"<p>O deputado estadual&nbsp;Gil Vianna&nbsp;(PSL\/RJ), que morreu na noite de ontem em decorr\u00eancia de complica\u00e7\u00f5es da Covid-19, foi tratado com cloroquina. A administra\u00e7\u00e3o do medicamento, associado&hellip; <\/p>\n","protected":false},"author":1,"featured_media":170665,"comment_status":"closed","ping_status":"closed","sticky":false,"template":"","format":"standard","meta":{"sfsi_plus_gutenberg_text_before_share":"","sfsi_plus_gutenberg_show_text_before_share":"","sfsi_plus_gutenberg_icon_type":"","sfsi_plus_gutenberg_icon_alignemt":"","sfsi_plus_gutenburg_max_per_row":"","footnotes":""},"categories":[2],"tags":[],"class_list":["post-170664","post","type-post","status-publish","format-standard","has-post-thumbnail","hentry","category-geral"],"_links":{"self":[{"href":"https:\/\/www.caririemacao.com\/1\/wp-json\/wp\/v2\/posts\/170664","targetHints":{"allow":["GET"]}}],"collection":[{"href":"https:\/\/www.caririemacao.com\/1\/wp-json\/wp\/v2\/posts"}],"about":[{"href":"https:\/\/www.caririemacao.com\/1\/wp-json\/wp\/v2\/types\/post"}],"author":[{"embeddable":true,"href":"https:\/\/www.caririemacao.com\/1\/wp-json\/wp\/v2\/users\/1"}],"replies":[{"embeddable":true,"href":"https:\/\/www.caririemacao.com\/1\/wp-json\/wp\/v2\/comments?post=170664"}],"version-history":[{"count":2,"href":"https:\/\/www.caririemacao.com\/1\/wp-json\/wp\/v2\/posts\/170664\/revisions"}],"predecessor-version":[{"id":170667,"href":"https:\/\/www.caririemacao.com\/1\/wp-json\/wp\/v2\/posts\/170664\/revisions\/170667"}],"wp:featuredmedia":[{"embeddable":true,"href":"https:\/\/www.caririemacao.com\/1\/wp-json\/wp\/v2\/media\/170665"}],"wp:attachment":[{"href":"https:\/\/www.caririemacao.com\/1\/wp-json\/wp\/v2\/media?parent=170664"}],"wp:term":[{"taxonomy":"category","embeddable":true,"href":"https:\/\/www.caririemacao.com\/1\/wp-json\/wp\/v2\/categories?post=170664"},{"taxonomy":"post_tag","embeddable":true,"href":"https:\/\/www.caririemacao.com\/1\/wp-json\/wp\/v2\/tags?post=170664"}],"curies":[{"name":"wp","href":"https:\/\/api.w.org\/{rel}","templated":true}]}}