{"id":170668,"date":"2020-05-21T06:19:04","date_gmt":"2020-05-21T09:19:04","guid":{"rendered":"https:\/\/www.caririemacao.com\/1\/?p=170668"},"modified":"2020-05-21T06:19:04","modified_gmt":"2020-05-21T09:19:04","slug":"paraiba-confirma-230-mortes-e-5-838-infectados-por-covid-19","status":"publish","type":"post","link":"https:\/\/www.caririemacao.com\/1\/2020\/05\/21\/paraiba-confirma-230-mortes-e-5-838-infectados-por-covid-19\/","title":{"rendered":"Para\u00edba confirma 230 mortes e 5.838 infectados por Covid-19"},"content":{"rendered":"\n<p>A Secretaria de Sa\u00fade divulgou um boletim no fim da tarde desta quarta-feira (20), um total de 230 mortes por covid-19 na Para\u00edba.&nbsp;<\/p>\n\n\n\n<ul class=\"wp-block-list\"><li>CASOS CONFIRMADOS: 5838<\/li><li>CASOS DESCARTADOS: 6145<\/li><li>\u00d3BITOS CONFIRMADOS: 230<\/li><li>CASOS RECUPERADOS: 1847<\/li><\/ul>\n\n\n\n<p>Nesta quarta, 20 de maio, a Para\u00edba registra novo recorde com 538 novos casos de Covid-19 e 11 \u00f3bitos confirmados desde a ultima atualiza\u00e7\u00e3o. S\u00e3o 5.838 paraibanos que j\u00e1 contra\u00edram a doen\u00e7a, 1.847 pessoas que j\u00e1 se recuperaram e 230, infelizmente, faleceram.&nbsp;<\/p>\n\n\n\n<p>A ocupa\u00e7\u00e3o de leitos de UTI adulto em todo o estado \u00e9 de 66%, se fizermos um recorte apenas dos leitos de UTI para adultos na Regi\u00e3o Metropolitana de Jo\u00e3o Pessoa, 83% est\u00e3o ocupados. Apenas 43,8% da popula\u00e7\u00e3o seguiu a recomenda\u00e7\u00e3o de Isolamento Social.&nbsp;<\/p>\n\n\n\n<p>Os casos confirmados est\u00e3o em&nbsp; 157 munic\u00edpios paraibanos:<\/p>\n\n\n\n<p>Aguiar (1); Alagoa Grande (22); Alagoa Nova (7); Alagoinha (29); Alhandra (69); Amparo (10); Aparecida (1); Ara\u00e7agi (29); Arara (2); Areia (26); Areial (4); Aroeiras (12); Baia da Trai\u00e7\u00e3o (20); Bananeiras (14); Barra de Santana (9); Barra de S\u00e3o Miguel (1); Bayeux (187); Bel\u00e9m (10); Bel\u00e9m do Brejo do Cruz (1); Boa Vista (1); Bom Jesus (1); Boqueir\u00e3o (4); Borborema (1);&nbsp; Brejo do Cruz (5); Caapor\u00e3 (160); Cabedelo (278); Cachoeira dos \u00cdndios (1); Cacimba de Dentro (4); Cai\u00e7ara (12); Cajazeiras (40); Cajazeirinhas (1); Caldas Brand\u00e3o (4); Campina Grande (335); Capim (19);&nbsp; Casserengue (1); Catingueira (2), Catol\u00e9 do Rocha (7); Caturit\u00e9 (1); Concei\u00e7\u00e3o (2);&nbsp; Condado (27);&nbsp; Conde (49); Congo (11); Coremas (11); Coxixola (3); Cruz do Esp\u00edrito Santo (80); Cuit\u00e9 (1);&nbsp; Cuit\u00e9 de Mamanguape (2); Cuiteg\u00ed (16); Curral de Cima (2);&nbsp; Duas Estradas (7); Esperan\u00e7a (18); Fagundes (2); Gado Bravo (12);&nbsp; Guarabira (215); Gurinh\u00e9m (16); Gurj\u00e3o (3); Ibiara (2); Igaracy (2); Imaculada (4); Ing\u00e1 (10); Itabaiana (45); Itaporanga (4); Itapororoca (18); Itatuba (14); Jacara\u00fa (7); Jeric\u00f3 (1);&nbsp; Jo\u00e3o Pessoa (2088); Joca Claudino (1); Juarez T\u00e1vora (8); Juazeirinho (38);&nbsp; Junco do Serid\u00f3 (4); Juripiranga (25); Juru (1); Lagoa (3); Lagoa de Dentro (4); Lagoa Seca (22); Lastro (1); Logradouro (7); Lucena (40); Malta (6); MaManguape (28); Mana\u00edra (1); Mari (59); Mariz\u00f3polis (4); Massaranduba (10); Mataraca (10); Matinhas (3); Mato Grosso (3); Matureia (7); Mogeiro (1);&nbsp; Montandas (1); Monteiro (13); Mulungu (6); Natuba (1); Nova Floresta (1), Nova Olinda (1); Olho D\u00b4\u00c1gua (1); Passagem (1); Patos (359); Paulista (3); Pedras de Fogo (95); Pianc\u00f3 (9); Picu\u00ed (1); Pilar (23); Pil\u00f5es (5); Pil\u00f5ezinhos (15); Pirpirituba (7); Pitimbu (57); Pocinhos (1);&nbsp; Pombal (13); Princesa Isabel (5); Puxinan\u00e3 (2);&nbsp; Queimadas (25); Quixab\u00e1 (5); Rem\u00edgio (24); Riach\u00e3o do Bacamarte (31);&nbsp; Riach\u00e3o do Po\u00e7o (1); Riacho dos Cavalos (2); Rio Tinto (19); Salgado de S\u00e3o Felix (4); Santa Helena (1); Santa Luzia (17); Santa Rita (366); Santa Terezinha (3); S\u00e3o Bento (25); S\u00e3o Jo\u00e3o do Rio do Peixe (6); S\u00e3o Jo\u00e3o do Tigre (1); S\u00e3o Jos\u00e9 da Lagoa Tapada (12); S\u00e3o Jos\u00e9 de Caiana (5); S\u00e3o Jos\u00e9 de Espinharas (2); S\u00e3o Jos\u00e9 de Piranhas (4); S\u00e3o Jos\u00e9 do Bonfim (5); S\u00e3o Jos\u00e9 do Sabugi (39); S\u00e3o Jos\u00e9 dos Cordeiros (2); S\u00e3o Jos\u00e9 dos Ramos (4); S\u00e3o Mamede (6); S\u00e3o Miguel de Taipu (11);&nbsp; S\u00e3o Sebasti\u00e3o de Lagoa de Ro\u00e7a (9); S\u00e3o Vicente do Serid\u00f3 (7); Sap\u00e9 (118); Serra Branca (2); Serra da Ra\u00edz (5); Serra Redonda (2); Serraria (2); Sert\u00e3ozinho (6); Sobrado (4); Sol\u00e2nea (12);&nbsp; Soledade (2); Sousa (91); Sum\u00e9 (1); Tacima (2); Tapero\u00e1 (26); Teixeira (4);&nbsp; Uira\u00fana (4); Umbuzeiro (9); Vieir\u00f3polis (2); Vista Serrana (1).<\/p>\n\n\n\n<p>11 \u00f3bitos foram confirmados<\/p>\n\n\n\n<p>Homem, 38&nbsp; anos, com comorbidade, insufici\u00eancia&nbsp; card\u00edaca congestiva, obesidade m\u00f3rbida, hipertenso, residente em Jo\u00e3o Pessoa. Inicio dos sintomas 08\/05, interno em hospital p\u00fablico, veio a \u00f3bito no dia 13\/05.&nbsp;<\/p>\n\n\n\n<p>Mulher, idosa 66 anos, com comorbidade, hipertensa, cardiopata, diab\u00e9tica, residente em S\u00e3o Miguel de Taipu. Inicio dos sintomas 05\/05, interna em hospital p\u00fablico, veio a \u00f3bito no dia 11\/05.<\/p>\n\n\n\n<p>Mulher, 41 anos, com comorbidade, obesa, hipertensa, card\u00edaca, residente em Capim. Inicio dos sintomas 05\/05, interna em hospital p\u00fablico, veio a \u00f3bito no dia 19\/05.&nbsp;<\/p>\n\n\n\n<p>Homem, idoso 80 anos, com comorbidade, doen\u00e7a cardiovascular, residente em&nbsp; Rio Tinto. Inicio dos sintomas 05\/05, interno em hospital p\u00fablico, veio a \u00f3bito no dia 19\/05.&nbsp;<\/p>\n\n\n\n<p>Homem, idoso 73 anos, sem comorbidade, residente em&nbsp; Bayeux. Inicio dos sintomas 14\/05, interno em hospital p\u00fablico, veio a \u00f3bito no dia 19\/05.&nbsp;<\/p>\n\n\n\n<p>Mulher, idosa 84 anos, com comorbidade, hipertensa, residente em Uira\u00fana. Inicio dos sintomas 07\/05, interna em hospital p\u00fablico, veio a \u00f3bito no dia 17\/05.&nbsp;<\/p>\n\n\n\n<p>Homem, idoso 63 anos, com comorbidade, hipertenso, em tratamento de neoplasia, residente em Jo\u00e3o Pessoa. Inicio dos sintomas 04\/05, interno em hospital privado, veio a \u00f3bito no dia 17\/05.&nbsp;<\/p>\n\n\n\n<p>Homem, idoso 71 anos, com comorbidade, hipertenso, cardiopata, profissional da sa\u00fade, residente em&nbsp; Patos. Inicio dos sintomas 25\/04, interno em hospital privado, veio a \u00f3bito no dia 20\/05.&nbsp;<\/p>\n\n\n\n<p>Mulher, idosa 75 anos, com comorbidade e seq\u00fcela de AVC, acamada, hipertensa, diab\u00e9tica, residente em&nbsp; Itabaiana. Inicio dos sintomas 04\/05, interna em hospital p\u00fablico, veio a \u00f3bito no dia 19\/05.&nbsp;<\/p>\n\n\n\n<p>Homem, idoso 71 anos, com comorbidade e sequela de AVI, doen\u00e7a neurol\u00f3gica cr\u00f4nica, residente em Santa Rita. Inicio dos sintomas 08\/05, interno em hospital p\u00fablico, veio a \u00f3bito no dia 12\/05.\u00a0<\/p>\n\n\n\n<p>Mulher, idosa 71 anos, com comorbidade, doen\u00e7a cardiovascular cr\u00f4nica, diab\u00e9tico, CA de p\u00e2ncreas, residente em&nbsp; Santa Rita. Inicio dos sintomas 30\/04, interna em hospital p\u00fablico, veio a \u00f3bito no dia 10\/05.&nbsp;<\/p>\n","protected":false},"excerpt":{"rendered":"<p>A Secretaria de Sa\u00fade divulgou um boletim no fim da tarde desta quarta-feira (20), um total de 230 mortes por covid-19 na Para\u00edba.&nbsp; CASOS CONFIRMADOS:&hellip; <\/p>\n","protected":false},"author":2,"featured_media":169632,"comment_status":"closed","ping_status":"closed","sticky":false,"template":"","format":"standard","meta":{"sfsi_plus_gutenberg_text_before_share":"","sfsi_plus_gutenberg_show_text_before_share":"","sfsi_plus_gutenberg_icon_type":"","sfsi_plus_gutenberg_icon_alignemt":"","sfsi_plus_gutenburg_max_per_row":"","footnotes":""},"categories":[2],"tags":[],"class_list":["post-170668","post","type-post","status-publish","format-standard","has-post-thumbnail","hentry","category-geral"],"_links":{"self":[{"href":"https:\/\/www.caririemacao.com\/1\/wp-json\/wp\/v2\/posts\/170668","targetHints":{"allow":["GET"]}}],"collection":[{"href":"https:\/\/www.caririemacao.com\/1\/wp-json\/wp\/v2\/posts"}],"about":[{"href":"https:\/\/www.caririemacao.com\/1\/wp-json\/wp\/v2\/types\/post"}],"author":[{"embeddable":true,"href":"https:\/\/www.caririemacao.com\/1\/wp-json\/wp\/v2\/users\/2"}],"replies":[{"embeddable":true,"href":"https:\/\/www.caririemacao.com\/1\/wp-json\/wp\/v2\/comments?post=170668"}],"version-history":[{"count":1,"href":"https:\/\/www.caririemacao.com\/1\/wp-json\/wp\/v2\/posts\/170668\/revisions"}],"predecessor-version":[{"id":170669,"href":"https:\/\/www.caririemacao.com\/1\/wp-json\/wp\/v2\/posts\/170668\/revisions\/170669"}],"wp:featuredmedia":[{"embeddable":true,"href":"https:\/\/www.caririemacao.com\/1\/wp-json\/wp\/v2\/media\/169632"}],"wp:attachment":[{"href":"https:\/\/www.caririemacao.com\/1\/wp-json\/wp\/v2\/media?parent=170668"}],"wp:term":[{"taxonomy":"category","embeddable":true,"href":"https:\/\/www.caririemacao.com\/1\/wp-json\/wp\/v2\/categories?post=170668"},{"taxonomy":"post_tag","embeddable":true,"href":"https:\/\/www.caririemacao.com\/1\/wp-json\/wp\/v2\/tags?post=170668"}],"curies":[{"name":"wp","href":"https:\/\/api.w.org\/{rel}","templated":true}]}}