{"id":170672,"date":"2020-05-21T06:21:45","date_gmt":"2020-05-21T09:21:45","guid":{"rendered":"https:\/\/www.caririemacao.com\/1\/?p=170672"},"modified":"2020-05-21T06:21:45","modified_gmt":"2020-05-21T09:21:45","slug":"circulacao-de-transporte-intermunicipal-esta-suspenso-em-toda-a-paraiba","status":"publish","type":"post","link":"https:\/\/www.caririemacao.com\/1\/2020\/05\/21\/circulacao-de-transporte-intermunicipal-esta-suspenso-em-toda-a-paraiba\/","title":{"rendered":"Circula\u00e7\u00e3o de transporte intermunicipal est\u00e1 suspenso em toda a Para\u00edba"},"content":{"rendered":"\n<p>Ap\u00f3s o decreto do Governo do Estado, publicado no \u00faltimo s\u00e1bado (16), os \u00f4nibus intermunicipais est\u00e3o proibidos de circular a partir desta quarta-feira (20) em toda a Para\u00edba, bem como as rodovi\u00e1rias permanecer\u00e3o fechadas.<\/p>\n\n\n\n<p>A medida, tomada para conter o avan\u00e7o do coronav\u00edrus no Estado, vai at\u00e9 o dia 31 de maio.<\/p>\n\n\n\n<p>A balsa que liga os munic\u00edpios de Cabedelo e Lucena tamb\u00e9m ficar\u00e1 parada.<\/p>\n\n\n\n<p>Al\u00e9m disso, ser\u00e3o instaladas barreiras sanit\u00e1rias nas rodovias estaduais PB-025 (Lucena), PB-034 (Alhandra\/Caapor\u00e3), PB-008 e PB-018 (Conde), PB-044 (Caapor\u00e3\/Pitimbu) e no terminal hidrovi\u00e1rio de Cabedelo, com acesso liberado apenas para moradores e pessoas que trabalhem nas atividades essenciais desses munic\u00edpios, ou em caso de emerg\u00eancias de sa\u00fade comprovadas.<\/p>\n\n\n\n<p>A Vigil\u00e2ncia Sanit\u00e1ria do Estado, a Pol\u00edcia Militar e o Corpo de Bombeiros, al\u00e9m das autoridades municipais, far\u00e3o a fiscaliza\u00e7\u00e3o.<\/p>\n","protected":false},"excerpt":{"rendered":"<p>Ap\u00f3s o decreto do Governo do Estado, publicado no \u00faltimo s\u00e1bado (16), os \u00f4nibus intermunicipais est\u00e3o proibidos de circular a partir desta quarta-feira (20) em&hellip; <\/p>\n","protected":false},"author":2,"featured_media":170673,"comment_status":"closed","ping_status":"closed","sticky":false,"template":"","format":"standard","meta":{"sfsi_plus_gutenberg_text_before_share":"","sfsi_plus_gutenberg_show_text_before_share":"","sfsi_plus_gutenberg_icon_type":"","sfsi_plus_gutenberg_icon_alignemt":"","sfsi_plus_gutenburg_max_per_row":"","footnotes":""},"categories":[6],"tags":[],"class_list":["post-170672","post","type-post","status-publish","format-standard","has-post-thumbnail","hentry","category-cidades"],"_links":{"self":[{"href":"https:\/\/www.caririemacao.com\/1\/wp-json\/wp\/v2\/posts\/170672","targetHints":{"allow":["GET"]}}],"collection":[{"href":"https:\/\/www.caririemacao.com\/1\/wp-json\/wp\/v2\/posts"}],"about":[{"href":"https:\/\/www.caririemacao.com\/1\/wp-json\/wp\/v2\/types\/post"}],"author":[{"embeddable":true,"href":"https:\/\/www.caririemacao.com\/1\/wp-json\/wp\/v2\/users\/2"}],"replies":[{"embeddable":true,"href":"https:\/\/www.caririemacao.com\/1\/wp-json\/wp\/v2\/comments?post=170672"}],"version-history":[{"count":1,"href":"https:\/\/www.caririemacao.com\/1\/wp-json\/wp\/v2\/posts\/170672\/revisions"}],"predecessor-version":[{"id":170674,"href":"https:\/\/www.caririemacao.com\/1\/wp-json\/wp\/v2\/posts\/170672\/revisions\/170674"}],"wp:featuredmedia":[{"embeddable":true,"href":"https:\/\/www.caririemacao.com\/1\/wp-json\/wp\/v2\/media\/170673"}],"wp:attachment":[{"href":"https:\/\/www.caririemacao.com\/1\/wp-json\/wp\/v2\/media?parent=170672"}],"wp:term":[{"taxonomy":"category","embeddable":true,"href":"https:\/\/www.caririemacao.com\/1\/wp-json\/wp\/v2\/categories?post=170672"},{"taxonomy":"post_tag","embeddable":true,"href":"https:\/\/www.caririemacao.com\/1\/wp-json\/wp\/v2\/tags?post=170672"}],"curies":[{"name":"wp","href":"https:\/\/api.w.org\/{rel}","templated":true}]}}