{"id":170679,"date":"2020-05-21T06:28:23","date_gmt":"2020-05-21T09:28:23","guid":{"rendered":"https:\/\/www.caririemacao.com\/1\/?p=170679"},"modified":"2020-05-21T06:28:23","modified_gmt":"2020-05-21T09:28:23","slug":"cruzeiro-iniciara-serie-b-do-brasileirao-com-6-pontos-a-menos","status":"publish","type":"post","link":"https:\/\/www.caririemacao.com\/1\/2020\/05\/21\/cruzeiro-iniciara-serie-b-do-brasileirao-com-6-pontos-a-menos\/","title":{"rendered":"Cruzeiro iniciar\u00e1 S\u00e9rie B do Brasileir\u00e3o com 6 pontos a menos"},"content":{"rendered":"\n<p>O Cruzeiro ir\u00e1 iniciar a disputa da S\u00e9rie B do Campeonato Brasileiro neste ano com seis pontos a menos, por causa de uma puni\u00e7\u00e3o aplicada pela Fifa, que notificou a CBF nesta ter\u00e7a-feira (19) \u2013o time foi comunicado no mesmo dia.<\/p>\n\n\n\n<p>O clube mineiro deixou de pagar uma d\u00edvida ao Al Wahda, dos Emirados \u00c1rabes Unidos, pelo empr\u00e9stimo do volante Denilson (foto). Divulgada inicialmente pela R\u00e1dio Itatiaia e confirmada pela reportagem, a not\u00edcia surpreendeu o N\u00facleo Diretivo Transit\u00f3rio, grupo de gestores \u00e0 frente da equipe.<\/p>\n\n\n\n<p>A diretoria j\u00e1 tinha avan\u00e7ado nas conversas com o Al-Wahda para adiar o prazo de pagamento por 60 dias. No entanto, sem o documento dos \u00e1rabes, que era aguardado at\u00e9 esta ter\u00e7a, a equipe perder\u00e1 seis pontos. Ap\u00f3s ser notificado, o conselho gestor se reuniu \u00e0s pressas para discutir o caso.<\/p>\n\n\n\n<p>\u201cA not\u00edcia da R\u00e1dio Itatiaia nos pegou de surpresa, t\u00ednhamos negocia\u00e7\u00e3o adiantada para adiar d\u00edvida pelo empr\u00e9stimo de Denilson por 60 dias\u201d, disse Carlos Ferreira, interlocutor do conselho gestor cruzeirense, \u00e0 reportagem.<\/p>\n\n\n\n<p>As conversas entre Cruzeiro e Al-Wahda foram conduzidas por Kris Brettas. O advogado \u00e9 o respons\u00e1vel pelo departamento jur\u00eddico do clube desde a ren\u00fancia da gest\u00e3o anterior, liderada por Wagner Pires de S\u00e1. Ele havia chegado a um acordo com os \u00e1rabes, mas Fifa j\u00e1 determinou a puni\u00e7\u00e3o.<\/p>\n","protected":false},"excerpt":{"rendered":"<p>O Cruzeiro ir\u00e1 iniciar a disputa da S\u00e9rie B do Campeonato Brasileiro neste ano com seis pontos a menos, por causa de uma puni\u00e7\u00e3o aplicada&hellip; <\/p>\n","protected":false},"author":2,"featured_media":170680,"comment_status":"closed","ping_status":"closed","sticky":false,"template":"","format":"standard","meta":{"sfsi_plus_gutenberg_text_before_share":"","sfsi_plus_gutenberg_show_text_before_share":"","sfsi_plus_gutenberg_icon_type":"","sfsi_plus_gutenberg_icon_alignemt":"","sfsi_plus_gutenburg_max_per_row":"","footnotes":""},"categories":[13],"tags":[],"class_list":["post-170679","post","type-post","status-publish","format-standard","has-post-thumbnail","hentry","category-esportes"],"_links":{"self":[{"href":"https:\/\/www.caririemacao.com\/1\/wp-json\/wp\/v2\/posts\/170679","targetHints":{"allow":["GET"]}}],"collection":[{"href":"https:\/\/www.caririemacao.com\/1\/wp-json\/wp\/v2\/posts"}],"about":[{"href":"https:\/\/www.caririemacao.com\/1\/wp-json\/wp\/v2\/types\/post"}],"author":[{"embeddable":true,"href":"https:\/\/www.caririemacao.com\/1\/wp-json\/wp\/v2\/users\/2"}],"replies":[{"embeddable":true,"href":"https:\/\/www.caririemacao.com\/1\/wp-json\/wp\/v2\/comments?post=170679"}],"version-history":[{"count":1,"href":"https:\/\/www.caririemacao.com\/1\/wp-json\/wp\/v2\/posts\/170679\/revisions"}],"predecessor-version":[{"id":170681,"href":"https:\/\/www.caririemacao.com\/1\/wp-json\/wp\/v2\/posts\/170679\/revisions\/170681"}],"wp:featuredmedia":[{"embeddable":true,"href":"https:\/\/www.caririemacao.com\/1\/wp-json\/wp\/v2\/media\/170680"}],"wp:attachment":[{"href":"https:\/\/www.caririemacao.com\/1\/wp-json\/wp\/v2\/media?parent=170679"}],"wp:term":[{"taxonomy":"category","embeddable":true,"href":"https:\/\/www.caririemacao.com\/1\/wp-json\/wp\/v2\/categories?post=170679"},{"taxonomy":"post_tag","embeddable":true,"href":"https:\/\/www.caririemacao.com\/1\/wp-json\/wp\/v2\/tags?post=170679"}],"curies":[{"name":"wp","href":"https:\/\/api.w.org\/{rel}","templated":true}]}}