{"id":170683,"date":"2020-05-21T06:32:27","date_gmt":"2020-05-21T09:32:27","guid":{"rendered":"https:\/\/www.caririemacao.com\/1\/?p=170683"},"modified":"2020-05-21T06:32:27","modified_gmt":"2020-05-21T09:32:27","slug":"bolsonaro-debate-retorno-do-futebol-com-presidentes-de-flamengo-e-vasco","status":"publish","type":"post","link":"https:\/\/www.caririemacao.com\/1\/2020\/05\/21\/bolsonaro-debate-retorno-do-futebol-com-presidentes-de-flamengo-e-vasco\/","title":{"rendered":"Bolsonaro debate retorno do futebol com presidentes de Flamengo e Vasco"},"content":{"rendered":"\n<p>O presidente Jair Bolsonaro (sem partido) recebeu nesta ter\u00e7a-feira (19) Rodolfo Landim e Alexandre Campello, mandat\u00e1rios de Flamengo e Vasco, para um almo\u00e7o no Pal\u00e1cio do Planalto.<\/p>\n\n\n\n<p>A reuni\u00e3o n\u00e3o estava prevista na agenda oficial de Bolsonaro. At\u00e9 o final da tarde, a Secretaria Especial de Comunica\u00e7\u00e3o Social do governo federal n\u00e3o havia informado o motivo do encontro.<\/p>\n\n\n\n<p>Nele, Bolsonaro voltou a manifestar o desejo de ver a retomada do futebol no pa\u00eds, que j\u00e1 ultrapassou a marca de 17 mil mortos pela Covid-19 e ainda n\u00e3o atingiu o pico da doen\u00e7a.<\/p>\n\n\n\n<p>Ele disse a Landim e Campello que isso seria importante para a sociedade e serviria como um passo para a volta \u00e0 normalidade em meio \u00e0 pandemia.<\/p>\n\n\n\n<p>No fim de abril, o presidente j\u00e1 havia afirmado que essa decis\u00e3o n\u00e3o cabe ao governo federal, mas que tanto o Minist\u00e9rio da Sa\u00fade quanto a Anvisa (Ag\u00eancia Nacional de Vigil\u00e2ncia Sanit\u00e1ria) publicariam recomenda\u00e7\u00f5es para que os jogos voltem a ocorrer, desde que disputados sem a presen\u00e7a de torcida.<\/p>\n\n\n\n<p>Na sequ\u00eancia, o minist\u00e9rio fez v\u00e1rias ressalvas a um guia m\u00e9dico que a Confedera\u00e7\u00e3o Brasileira de Futebol (CBF) submeteu para an\u00e1lise da pasta com um plano de retomada.<\/p>\n\n\n\n<p>Por causa do coronav\u00edrus, o esporte est\u00e1 paralisado no Brasil desde a primeira quinzena de mar\u00e7o. Nenhuma federa\u00e7\u00e3o estadual nem a CBF trabalham neste momento com datas para o retorno de competi\u00e7\u00f5es.<\/p>\n\n\n\n<p>Poucos pa\u00edses do mundo reiniciaram suas atividades esportivas at\u00e9 agora. No \u00faltimo fim de semana, a Alemanha voltou a ter jogos da Bundesliga, mas sem a presen\u00e7a de p\u00fablico nas partidas e sob um r\u00edgido protocolo sanit\u00e1rio.<\/p>\n\n\n\n<p>O pa\u00eds registrou 8.176 mortes por Covid-19 at\u00e9 agora, mas j\u00e1 passou pelo pico do cont\u00e1gio e aos poucos implementa medidas de relaxamento da quarentena.<\/p>\n\n\n\n<p>Outros pa\u00edses europeus liberaram treinamentos nas \u00faltimas semanas com a expectativa de a bola voltar a rolar em junho. Todos eles j\u00e1 passaram pelo pico da doen\u00e7a.<\/p>\n\n\n\n<p>Durante o encontro, os dois cartolas se mostraram simp\u00e1ticos \u00e0 ideia de retomada do futebol, mas n\u00e3o se comprometeram com uma data para reiniciar os treinamentos.<\/p>\n\n\n\n<p>Seus rivais Fluminense e Botafogo t\u00eam se posicionado de forma contr\u00e1ria \u00e0 volta das atividades neste momento.<\/p>\n\n\n\n<p>O Flamengo j\u00e1 realizou uma bateria de exames em que 38 dos 293 testados (13%) entre atletas, membros da comiss\u00e3o t\u00e9cnica, outros funcion\u00e1rios e seus familiares tiveram resultados positivos para o novo coronav\u00edrus.<\/p>\n\n\n\n<p>O Vasco montou um protocolo a ser seguido pelos seus funcion\u00e1rios para a retomada de treinos, mas ainda n\u00e3o o colocou em pr\u00e1tica.<\/p>\n\n\n\n<p>O prefeito do Rio de Janeiro, Marcelo Crivella (Republicanos), vetou o rein\u00edcio das atividades nos clubes. Segundo ele, podem se reapresentar apenas os atletas que necessitam de sess\u00f5es de fisioterapia.<\/p>\n\n\n\n<p>Bolsonaro citou a possibilidade de os times do Rio treinarem em Bras\u00edlia. Flamengo e Vasco poderiam utilizar as instala\u00e7\u00f5es do est\u00e1dio Man\u00e9 Garrincha. O governador do Distrito Federal, Ibaneis Rocha, j\u00e1 havia feito essa oferta, assim como a empresa que administra o est\u00e1dio.<\/p>\n\n\n\n<p>Embora propensos a aceit\u00e1-las, os clubes t\u00eam receio da rea\u00e7\u00e3o de seus elencos e torcedores. Segundo o Globoesporte.com, o Flamengo estuda pagar a hospedagem de familiares dos atletas, se a ideia vingar.<\/p>\n\n\n\n<p>Tamb\u00e9m estiveram presentes na reuni\u00e3o, em que n\u00e3o foram respeitadas orienta\u00e7\u00f5es de distanciamento social e uso de m\u00e1scara, o chefe do departamento m\u00e9dico do Flamengo, M\u00e1rcio Tannure, e o diretor de marketing Aleksander Santos.<\/p>\n\n\n\n<p>Filho de Jair Bolsonaro, o senador Flavio Bolsonaro (Republicanos-RJ) tamb\u00e9m acompanhou o encontro.<\/p>\n\n\n\n<p>Landim presenteou o presidente da Rep\u00fablica com o novo modelo da camisa reserva do Flamengo. Bolsonaro o vestiu e posou para fotos. Palmeirense, ele j\u00e1 foi fotografado com diversos uniformes de times brasileiros, at\u00e9 mesmo modelos piratas.<\/p>\n\n\n\n<p>A assessoria de imprensa do Flamengo disse que o clube n\u00e3o vai comentar nada sobre a reuni\u00e3o. O Vasco tamb\u00e9m n\u00e3o emitiu nenhum comunicado oficial at\u00e9 a publica\u00e7\u00e3o deste texto. A reportagem entrou em contato com Campello e Landim, mas eles n\u00e3o retornaram \u00e0s liga\u00e7\u00f5es.<\/p>\n\n\n\n<p>Ao Globoesporte.com, o ex-presidente e membro do comit\u00ea gestor do futebol do Botafogo, Carlos Montenegro, cricitou a atitude dos rivais.<\/p>\n\n\n\n<p>\u201cOs clubes t\u00eam que ser grandes dentro e fora de campo. \u00c9 uma atitude de time pequenininho. Eles podem se tornar homicidas for\u00e7ando uma barra dessas\u201d, disse. \u201cN\u00e3o temos o elenco do Flamengo, mas aqui n\u00e3o tem irrespons\u00e1vel. A s\u00edntese \u00e9 a seguinte: isso \u00e9 uma covardia com os jogadores, a comiss\u00e3o t\u00e9cnica e os familiares dessas pessoas todas.\u201d<\/p>\n","protected":false},"excerpt":{"rendered":"<p>O presidente Jair Bolsonaro (sem partido) recebeu nesta ter\u00e7a-feira (19) Rodolfo Landim e Alexandre Campello, mandat\u00e1rios de Flamengo e Vasco, para um almo\u00e7o no Pal\u00e1cio&hellip; <\/p>\n","protected":false},"author":2,"featured_media":147431,"comment_status":"closed","ping_status":"closed","sticky":false,"template":"","format":"standard","meta":{"sfsi_plus_gutenberg_text_before_share":"","sfsi_plus_gutenberg_show_text_before_share":"","sfsi_plus_gutenberg_icon_type":"","sfsi_plus_gutenberg_icon_alignemt":"","sfsi_plus_gutenburg_max_per_row":"","footnotes":""},"categories":[13],"tags":[],"class_list":["post-170683","post","type-post","status-publish","format-standard","has-post-thumbnail","hentry","category-esportes"],"_links":{"self":[{"href":"https:\/\/www.caririemacao.com\/1\/wp-json\/wp\/v2\/posts\/170683","targetHints":{"allow":["GET"]}}],"collection":[{"href":"https:\/\/www.caririemacao.com\/1\/wp-json\/wp\/v2\/posts"}],"about":[{"href":"https:\/\/www.caririemacao.com\/1\/wp-json\/wp\/v2\/types\/post"}],"author":[{"embeddable":true,"href":"https:\/\/www.caririemacao.com\/1\/wp-json\/wp\/v2\/users\/2"}],"replies":[{"embeddable":true,"href":"https:\/\/www.caririemacao.com\/1\/wp-json\/wp\/v2\/comments?post=170683"}],"version-history":[{"count":1,"href":"https:\/\/www.caririemacao.com\/1\/wp-json\/wp\/v2\/posts\/170683\/revisions"}],"predecessor-version":[{"id":170684,"href":"https:\/\/www.caririemacao.com\/1\/wp-json\/wp\/v2\/posts\/170683\/revisions\/170684"}],"wp:featuredmedia":[{"embeddable":true,"href":"https:\/\/www.caririemacao.com\/1\/wp-json\/wp\/v2\/media\/147431"}],"wp:attachment":[{"href":"https:\/\/www.caririemacao.com\/1\/wp-json\/wp\/v2\/media?parent=170683"}],"wp:term":[{"taxonomy":"category","embeddable":true,"href":"https:\/\/www.caririemacao.com\/1\/wp-json\/wp\/v2\/categories?post=170683"},{"taxonomy":"post_tag","embeddable":true,"href":"https:\/\/www.caririemacao.com\/1\/wp-json\/wp\/v2\/tags?post=170683"}],"curies":[{"name":"wp","href":"https:\/\/api.w.org\/{rel}","templated":true}]}}