{"id":170686,"date":"2020-05-21T06:36:33","date_gmt":"2020-05-21T09:36:33","guid":{"rendered":"https:\/\/www.caririemacao.com\/1\/?p=170686"},"modified":"2020-05-21T06:36:33","modified_gmt":"2020-05-21T09:36:33","slug":"cbf-diz-que-futebol-brasileiro-pode-voltar-no-final-de-junho","status":"publish","type":"post","link":"https:\/\/www.caririemacao.com\/1\/2020\/05\/21\/cbf-diz-que-futebol-brasileiro-pode-voltar-no-final-de-junho\/","title":{"rendered":"CBF diz que futebol brasileiro pode voltar no final de junho"},"content":{"rendered":"\n<p>O\u00a0futebol\u00a0brasileiro come\u00e7ou a ensaiar uma retomada que, dependendo da curva de casos do novo coronav\u00edrus (covid-19), poderia ocorrer no fim de junho, disse na \u00faltima ter\u00e7a (19) \u00e0 ag\u00eancia de not\u00edcias Reuters o secret\u00e1rio-geral da Confedera\u00e7\u00e3o Brasileira de Futebol (CBF), Walter Feldman.<\/p>\n\n\n\n<p>Feldman afirmou que o Campeonato Brasileiro pode ter todos os jogos com port\u00f5es fechados e ser conclu\u00eddo apenas no come\u00e7o do 2021. Segundo ele, a volta do Campeonato Alem\u00e3o, no \u00faltimo fim de semana, deu uma esperan\u00e7a ao futebol mundial e mostrou uma perspectiva animadora.<\/p>\n\n\n\n<p>\u201cParar foi necess\u00e1rio e voltar \u00e9 poss\u00edvel. Esse \u00e9 o grande aprendizado com o retorno do alem\u00e3o (\u2026). A Alemanha \u00e9 uma \u00f3tima sinaliza\u00e7\u00e3o\u201d, declarou \u00e0 Reuters.<\/p>\n\n\n\n<p>O Campeonato Alem\u00e3o foi a primeira das grandes ligas do mundo a retomar suas atividades, mas com uma s\u00e9rie de protocolos e restri\u00e7\u00f5es, como jogos com port\u00f5es fechados, medidas de distanciamento social e testes de atletas e profissionais envolvidos.<\/p>\n\n\n\n<p>O protocolo final de sa\u00fade da CBF, que ser\u00e1 recomendado aos clubes, est\u00e1 em fase de conclus\u00e3o, mas incluir\u00e1, segundo Feldman, medidas como testes permanentes para a covid-19, distanciamento social, medidas de higiene, transporte em ve\u00edculos particulares de atletas e jogos com port\u00f5es fechados.<\/p>\n\n\n\n<p>\u201cPodemos ter sim apenas jogos com port\u00f5es fechados (\u2026). Em pa\u00edses a epidemia vai e volta, tem novas ondas. Aglomera\u00e7\u00f5es mesmo s\u00f3 com vacina e controle absoluto\u201d, declarou Feldman.<\/p>\n\n\n\n<p>Caso n\u00e3o houvesse a pandemia, o Campeonato Brasileiro deveria ter come\u00e7ado este m\u00eas. Agora, a perspectiva \u00e9 que o futebol nacional seja retomado entre o fim de junho e o in\u00edcio de julho. \u201cMaio \u00e9 o per\u00edodo mais dram\u00e1tico da doen\u00e7a e vamos ver as portas que v\u00e3o se abrir em junho (\u2026). O aprofundamento da crise, agora, significa que logo em seguida deve vir o abrandamento\u201d, declarou.<\/p>\n\n\n\n<p>Na \u00faltima ter\u00e7a, dirigentes de clubes de futebol, incluindo os presidentes do Flamengo e do Vasco, se reuniram em Bras\u00edlia com o presidente Jair Bolsonaro para conversar sobre a situa\u00e7\u00e3o do futebol brasileiro. Bolsonaro posou para fotos, uma delas com a camisa do Flamengo.<\/p>\n\n\n\n<p>O futebol brasileiro est\u00e1 parado desde mar\u00e7o, quando campeonatos locais e nacionais (como a Copa do Brasil) foram interrompidos por causa das medidas de restri\u00e7\u00e3o provocadas pela pandemia.<\/p>\n\n\n\n<p>Grandes clubes do Brasil j\u00e1 iniciaram atividades nos \u00faltimos dias, ap\u00f3s um per\u00edodo de treinos remotos. \u201cO ensaio da perspectiva de treinamento \u00e9 um ensaio para a volta [do futebol]\u201d, afirmou Feldman.<\/p>\n\n\n\n<p>\u201cDependendo da curva da doen\u00e7a aqui no pa\u00eds (\u2026), mais um m\u00eas ou um m\u00eas e meio ap\u00f3s o pico. Maio abre portas, junho abre outras adicionais e n\u00e3o duvido que em junho, com a volta dos treinos, protocolo sustentado e possibilidade de flexibiliza\u00e7\u00e3o das autoridades de sa\u00fade, o futebol possa voltar com restri\u00e7\u00f5es\u201d, afirmou.<\/p>\n\n\n\n<p>Normalmente, o Campeonato Brasileiro termina no come\u00e7o de dezembro, mas, diante do atraso provocado pela pandemia, a competi\u00e7\u00e3o usar\u00e1 datas perto do Natal e do Ano Novo e pode at\u00e9 s\u00f3 ser conclu\u00eddo em 2021, afirmou. \u201c\u00c9 poss\u00edvel que tenhamos futebol nas datas pr\u00f3ximas do Natal e do Ano Novo\u201d.<\/p>\n","protected":false},"excerpt":{"rendered":"<p>O\u00a0futebol\u00a0brasileiro come\u00e7ou a ensaiar uma retomada que, dependendo da curva de casos do novo coronav\u00edrus (covid-19), poderia ocorrer no fim de junho, disse na \u00faltima&hellip; <\/p>\n","protected":false},"author":2,"featured_media":147272,"comment_status":"closed","ping_status":"closed","sticky":false,"template":"","format":"standard","meta":{"sfsi_plus_gutenberg_text_before_share":"","sfsi_plus_gutenberg_show_text_before_share":"","sfsi_plus_gutenberg_icon_type":"","sfsi_plus_gutenberg_icon_alignemt":"","sfsi_plus_gutenburg_max_per_row":"","footnotes":""},"categories":[50,13],"tags":[],"class_list":["post-170686","post","type-post","status-publish","format-standard","has-post-thumbnail","hentry","category-destaque","category-esportes"],"_links":{"self":[{"href":"https:\/\/www.caririemacao.com\/1\/wp-json\/wp\/v2\/posts\/170686","targetHints":{"allow":["GET"]}}],"collection":[{"href":"https:\/\/www.caririemacao.com\/1\/wp-json\/wp\/v2\/posts"}],"about":[{"href":"https:\/\/www.caririemacao.com\/1\/wp-json\/wp\/v2\/types\/post"}],"author":[{"embeddable":true,"href":"https:\/\/www.caririemacao.com\/1\/wp-json\/wp\/v2\/users\/2"}],"replies":[{"embeddable":true,"href":"https:\/\/www.caririemacao.com\/1\/wp-json\/wp\/v2\/comments?post=170686"}],"version-history":[{"count":1,"href":"https:\/\/www.caririemacao.com\/1\/wp-json\/wp\/v2\/posts\/170686\/revisions"}],"predecessor-version":[{"id":170687,"href":"https:\/\/www.caririemacao.com\/1\/wp-json\/wp\/v2\/posts\/170686\/revisions\/170687"}],"wp:featuredmedia":[{"embeddable":true,"href":"https:\/\/www.caririemacao.com\/1\/wp-json\/wp\/v2\/media\/147272"}],"wp:attachment":[{"href":"https:\/\/www.caririemacao.com\/1\/wp-json\/wp\/v2\/media?parent=170686"}],"wp:term":[{"taxonomy":"category","embeddable":true,"href":"https:\/\/www.caririemacao.com\/1\/wp-json\/wp\/v2\/categories?post=170686"},{"taxonomy":"post_tag","embeddable":true,"href":"https:\/\/www.caririemacao.com\/1\/wp-json\/wp\/v2\/tags?post=170686"}],"curies":[{"name":"wp","href":"https:\/\/api.w.org\/{rel}","templated":true}]}}