{"id":170689,"date":"2020-05-21T06:39:08","date_gmt":"2020-05-21T09:39:08","guid":{"rendered":"https:\/\/www.caririemacao.com\/1\/?p=170689"},"modified":"2020-05-21T06:45:09","modified_gmt":"2020-05-21T09:45:09","slug":"guedes-planeja-cortar-encargos-trabalhistas-por-ate-2-anos-com-nova-cpmf-digital","status":"publish","type":"post","link":"https:\/\/www.caririemacao.com\/1\/2020\/05\/21\/guedes-planeja-cortar-encargos-trabalhistas-por-ate-2-anos-com-nova-cpmf-digital\/","title":{"rendered":"Guedes planeja cortar encargos trabalhistas por at\u00e9 2 anos com nova CPMF digital"},"content":{"rendered":"\n<p>O ministro Paulo Guedes (Economia) planeja uma desonera\u00e7\u00e3o emergencial de impostos aplicados sobre sal\u00e1rios por um ou dois anos com objetivo de estimular empresas a contratarem trabalhadores ap\u00f3s o pico do coronav\u00edrus no pa\u00eds. Para compensar a perda de receita, ele pretende criar um imposto sobre transa\u00e7\u00f5es digitais.<\/p>\n\n\n\n<p>A ideia resgata um antigo objetivo de Guedes, de implementar uma contribui\u00e7\u00e3o sobre pagamentos. Apesar de o debate lembrar a antiga CPMF e t\u00e9cnicos fazerem men\u00e7\u00e3o ao tributo em an\u00e1lises sobre a proposta, o ministro recha\u00e7a a compara\u00e7\u00e3o.<\/p>\n\n\n\n<p>Guedes brinca que o \u00faltimo que falou no nome da CPMF foi demitido, em refer\u00eancia ao antigo secret\u00e1rio da Receita Marcos Cintra. O auxiliar de Guedes sempre defendia uma nova cobran\u00e7a nos moldes da CPMF, cuja cria\u00e7\u00e3o era recha\u00e7ada em declara\u00e7\u00f5es do presidente Jair Bolsonaro.<\/p>\n\n\n\n<p>O ministro diz agora que n\u00e3o se trata de CPMF. A ideia \u00e9 buscar apoio pol\u00edtico, defendendo a vis\u00e3o que se trata de um imposto diferente, a ser aplicado em transa\u00e7\u00f5es digitais. O ministro ainda n\u00e3o d\u00e1 detalhes da proposta.<\/p>\n\n\n\n<p>O secret\u00e1rio da Receita Federal, Jos\u00e9 Barroso Tostes Neto, disse na semana passada que as an\u00e1lises do governo sobre a CPMF foram interrompidas em 2019, mas podem voltar se necess\u00e1rio.<\/p>\n\n\n\n<p>&#8220;Estudos [sobre CPMF] foram feitos no ano passado, mas a partir do momento em que houve decis\u00e3o de que isso n\u00e3o seria considerado, interrompemos esses estudos. Na retomada, vamos avaliar tudo. Se for considerado necess\u00e1rio, [vamos] retomar estudo sobre isso tamb\u00e9m, se for necess\u00e1rio&#8221;, disse Tostes Neto na sexta (15).<\/p>\n\n\n\n<p>Para Guedes, h\u00e1 chances de conseguir mais receitas. &#8220;Agora estou indo buscar recursos, e vamos precisar de apoio da opini\u00e3o p\u00fablica, da popula\u00e7\u00e3o, para fazer um movimento forte. Acho que vamos conseguir buscar o dinheiro para, quem sabe, chegar num momento de dizer que est\u00e1 pago o coronav\u00edrus&#8221;, afirmou em reuni\u00e3o com empres\u00e1rios na ter\u00e7a-feira (19).<\/p>\n\n\n\n<p>Guedes acredita que o modelo do novo imposto, somado \u00e0 desonera\u00e7\u00e3o dos encargos trabalhistas, seria ben\u00e9fico ao livrar empresas de custos para contratar. &#8220;Vamos falar de encargos trabalhistas e possibilidade de contratar pessoas sem incid\u00eancia de impostos sobre m\u00e3o de obra. Vamos ter que lan\u00e7ar isso agora&#8221;, afirmou.<\/p>\n\n\n\n<p>Atrelado \u00e0 desonera\u00e7\u00e3o da folha, Guedes quer emplacar tamb\u00e9m uma redu\u00e7\u00e3o de direitos trabalhistas com a justificativa de reduzir os recursos pagos pelas empresas \u00e0 m\u00e3o de obra. &#8220;No Brasil do desemprego em massa, temos que ter coragem de lan\u00e7ar esse sistema alternativo. Com menos interfer\u00eancia sindical, com menos legisla\u00e7\u00e3o trabalhista&#8221;, disse.<\/p>\n\n\n\n<p>O plano do Minist\u00e9rio da Economia \u00e9 recriar o que chama de carteira de trabalho Verde e Amarela, modelo de contrata\u00e7\u00e3o que prev\u00ea menos direitos e encargos trabalhistas. A tentativa anterior, criada por meio de uma medida provis\u00f3ria e voltada aos jovens, chegou ao fim do prazo de tramita\u00e7\u00e3o no Congresso sem ser votada e perdeu a validade.<\/p>\n\n\n\n<p>&#8220;\u00c9 um regime emergencial, vamos usar por um ou dois anos, depois o Brasil vai entender e ver o que \u00e9 melhor&#8221;, afirmou. &#8220;Vamos criar um regime emergencial contra o desemprego em massa&#8221;, defendeu.<\/p>\n\n\n\n<p>Na \u00e1rea tribut\u00e1ria, Guedes tamb\u00e9m planeja emplacar seu modelo de fus\u00e3o de PIS e Cofins, sugere prorrogar por mais tempo a suspens\u00e3o do IOF sobre cr\u00e9dito para mitigar a crise e ainda v\u00ea como fundamental o refinanciamento de impostos diferidos durante a pandemia.<\/p>\n\n\n\n<p>Entre as propostas planejadas pelo ministro para os pr\u00f3ximos meses est\u00e3o tamb\u00e9m novas linhas de cr\u00e9dito, j\u00e1 que entende que algumas delas, como a de financiamento da folha, n\u00e3o deram certo.<\/p>\n\n\n\n<p>O ministro avalia que medidas para preparar o pa\u00eds para uma retomada devem ser lan\u00e7adas dentro de 30 a 40 dias, depois de as discuss\u00f5es migrarem da Sa\u00fade para o que chama de segunda onda da crise do coronav\u00edrus, a econ\u00f4mica.<\/p>\n\n\n\n<p>Na retomada, planeja ainda o novo marco legal do saneamento, altera\u00e7\u00f5es nas regras de petr\u00f3leo e g\u00e1s e aprimoramento de normas de log\u00edstica e infraestrutura. Ele acredita que essas medidas trar\u00e3o bilh\u00f5es de investimentos privados em cada \u00e1rea.<\/p>\n","protected":false},"excerpt":{"rendered":"<p>O ministro Paulo Guedes (Economia) planeja uma desonera\u00e7\u00e3o emergencial de impostos aplicados sobre sal\u00e1rios por um ou dois anos com objetivo de estimular empresas a&hellip; <\/p>\n","protected":false},"author":2,"featured_media":167682,"comment_status":"closed","ping_status":"closed","sticky":false,"template":"","format":"standard","meta":{"sfsi_plus_gutenberg_text_before_share":"","sfsi_plus_gutenberg_show_text_before_share":"","sfsi_plus_gutenberg_icon_type":"","sfsi_plus_gutenberg_icon_alignemt":"","sfsi_plus_gutenburg_max_per_row":"","footnotes":""},"categories":[50,11],"tags":[],"class_list":["post-170689","post","type-post","status-publish","format-standard","has-post-thumbnail","hentry","category-destaque","category-politica"],"_links":{"self":[{"href":"https:\/\/www.caririemacao.com\/1\/wp-json\/wp\/v2\/posts\/170689","targetHints":{"allow":["GET"]}}],"collection":[{"href":"https:\/\/www.caririemacao.com\/1\/wp-json\/wp\/v2\/posts"}],"about":[{"href":"https:\/\/www.caririemacao.com\/1\/wp-json\/wp\/v2\/types\/post"}],"author":[{"embeddable":true,"href":"https:\/\/www.caririemacao.com\/1\/wp-json\/wp\/v2\/users\/2"}],"replies":[{"embeddable":true,"href":"https:\/\/www.caririemacao.com\/1\/wp-json\/wp\/v2\/comments?post=170689"}],"version-history":[{"count":1,"href":"https:\/\/www.caririemacao.com\/1\/wp-json\/wp\/v2\/posts\/170689\/revisions"}],"predecessor-version":[{"id":170690,"href":"https:\/\/www.caririemacao.com\/1\/wp-json\/wp\/v2\/posts\/170689\/revisions\/170690"}],"wp:featuredmedia":[{"embeddable":true,"href":"https:\/\/www.caririemacao.com\/1\/wp-json\/wp\/v2\/media\/167682"}],"wp:attachment":[{"href":"https:\/\/www.caririemacao.com\/1\/wp-json\/wp\/v2\/media?parent=170689"}],"wp:term":[{"taxonomy":"category","embeddable":true,"href":"https:\/\/www.caririemacao.com\/1\/wp-json\/wp\/v2\/categories?post=170689"},{"taxonomy":"post_tag","embeddable":true,"href":"https:\/\/www.caririemacao.com\/1\/wp-json\/wp\/v2\/tags?post=170689"}],"curies":[{"name":"wp","href":"https:\/\/api.w.org\/{rel}","templated":true}]}}