{"id":170694,"date":"2020-05-21T06:50:33","date_gmt":"2020-05-21T09:50:33","guid":{"rendered":"https:\/\/www.caririemacao.com\/1\/?p=170694"},"modified":"2020-05-21T06:50:33","modified_gmt":"2020-05-21T09:50:33","slug":"bolsonaristas-criam-corrente-do-bem-e-se-medicam-com-cloroquina-azitromicina-e-antipulgas","status":"publish","type":"post","link":"https:\/\/www.caririemacao.com\/1\/2020\/05\/21\/bolsonaristas-criam-corrente-do-bem-e-se-medicam-com-cloroquina-azitromicina-e-antipulgas\/","title":{"rendered":"Bolsonaristas criam &#8216;corrente do bem&#8217; e se medicam com cloroquina, azitromicina e antipulgas"},"content":{"rendered":"\n<p>Antes mesmo de o governo Jair Bolsonaro (sem partido) mudar o protocolo de tratamento da Covid-19 e ampliar o uso da cloroquina tamb\u00e9m para casos leves da doen\u00e7a nesta quarta-feira (20), bolsonaristas j\u00e1 vinham se automedicando com hidroxicloroquina, azitromicina e ivermectina diante dos primeiros sintomas respirat\u00f3rios.<\/p>\n\n\n\n<p>Os medicamentos, receitados por um grupo de &#8220;m\u00e9dicos do bem&#8221;, e comprados em grandes quantidades, s\u00e3o distribu\u00eddos aos apoiadores do presidente.<\/p>\n\n\n\n<p>Foi o caso da designer gr\u00e1fica Marley Oliver, 33, que conta ter sentido febre, forte dor de cabe\u00e7a e no corpo, perda de paladar e olfato no fim abril. Sem fazer teste para confirmar a suspeita da Covid-19 ou procurar um hospital, ela recebeu um mix das tr\u00eas subst\u00e2ncias de colegas de acampamento.<\/p>\n\n\n\n<p>H\u00e1 dois meses, Marley e cerca de 60 bolsonaristas t\u00eam acampado pr\u00f3ximo \u00e0 Alesp (Assembleia Legislativa de S\u00e3o Paulo) para manifestar apoio ao Bolsonaro e rep\u00fadio ao governador Jo\u00e3o Doria (PSDB). Eles pedem o impeachment do tucano por decretar quarentena e impedir a volta ao trabalho nos servi\u00e7os n\u00e3o essenciais.<\/p>\n\n\n\n<p>&#8220;Um vai passando pro outro [os comprimidos]. \u00c9 uma corrente do bem. No segundo dia j\u00e1 senti melhora e depois de quatro dias fiquei totalmente perfeita&#8221;, afirma ela.<\/p>\n\n\n\n<p>O pr\u00f3prio texto do Minist\u00e9rio da Sa\u00fade, por\u00e9m, reconhece que n\u00e3o h\u00e1 evid\u00eancias suficientes de efic\u00e1cia e prev\u00ea um termo de consentimento do paciente, que cita risco de agravamento da condi\u00e7\u00e3o cl\u00ednica.<\/p>\n\n\n\n<p>Diversos estudos t\u00eam mostrado que os medicamentos n\u00e3o s\u00f3 n\u00e3o t\u00eam efeito contra a Covid-19 como podem aumentar o risco card\u00edaco. Entidades m\u00e9dicas brasileiras contraindicaram o uso e a OMS (Organiza\u00e7\u00e3o Mundial da Sa\u00fade) afirma que n\u00e3o h\u00e1 provas de que qualquer medicamento possa curar ou prevenir a Covid-19 e que o uso inapropriado pode causar efeitos colaterais graves e at\u00e9 levar \u00e0 morte.<\/p>\n\n\n\n<p>Marley ri ao dizer que topou ser cobaia da cloroquina e que prefere isso a buscar ajuda m\u00e9dica. &#8220;Olha, se a gente vai no hospital, corre o risco de entrar com uma topada e sair com Covid-19. A partir do momento que a maioria toma e diz que surtiu o efeito&#8230; \u00c9 a maioria que tem raz\u00e3o&#8221;, diz ela, para quem os governadores &#8220;est\u00e3o potencializando o v\u00edrus.&#8221;<\/p>\n\n\n\n<p>&#8220;Tem uma guerra pol\u00edtica. Eles est\u00e3o agravando [o estado de sa\u00fade] das pessoas para apavorar a popula\u00e7\u00e3o&#8221;, afirma Marley, que ainda assim usa \u00e1lcool em gel e m\u00e1scara no acampamento. A aglomera\u00e7\u00e3o, claro, vai contra as recomenda\u00e7\u00f5es do Minist\u00e9rio da Sa\u00fade e da OMS. Ela diz que s\u00f3 sair\u00e1 da barraca quando Doria deixar o Pal\u00e1cio dos Bandeirantes.<\/p>\n\n\n\n<p>No Facebook, a designer, que est\u00e1 desempregada, pede: &#8220;saiam de casa. Vamos trabalhar&#8221;. Evang\u00e9lica, ela tamb\u00e9m publica &#8220;n\u00e3o espalhe medo, espalhe f\u00e9 e esperan\u00e7a&#8221;.<\/p>\n\n\n\n<p>A advogada Eliane Maffei, 53, visita o acampamento e bate ponto nas manifesta\u00e7\u00f5es pr\u00f3-Bolsonaro. Ela conta que tem v\u00e1rios colegas bolsonaristas tomando cloroquina &#8220;na clandestinidade&#8221;. &#8220;Est\u00e1 um Deus nos acuda, cada um por si. Eu tive sintomas e ouvi de um amigo m\u00e9dico: &#8216;n\u00e3o v\u00e1 no pronto socorro porque at\u00e9 seu caix\u00e3o j\u00e1 foi comprado'&#8221;, diz.<\/p>\n\n\n\n<p>Ela conta que em 10 de abril come\u00e7ou a tossir e deixou de sentir cheiros. No mesmo dia, tomou por conta pr\u00f3pria o rem\u00e9dio antiparasit\u00e1rio (usado contra vermes e parasitas, como piolhos, pulgas, sarna e filariose em humanos e em animais) ivermectina, que ainda est\u00e1 sendo testado contra o coronav\u00edrus. Ela diz que j\u00e1 tinha os comprimidos em casa.<\/p>\n\n\n\n<p>&#8220;Em 48h, passou. Se os hospitais estivessem dando cloroquina e ivermectina, n\u00e3o estar\u00edamos tendo tantas mortes&#8221;, afirma.<\/p>\n\n\n\n<p>Um estudo australiano mostrou que a subst\u00e2ncia diminui a quase zero o material viral do novo coronav\u00edrus em testes com c\u00e9lulas cultivadas em laborat\u00f3rio. No entanto, ainda n\u00e3o se sabe se o efeito seria o mesmo em animais vivos.<\/p>\n\n\n\n<p>M\u00e9dicos que atuam na rede p\u00fablica tamb\u00e9m j\u00e1 vinham relatando temor de que a mudan\u00e7a aumentasse a press\u00e3o pela indica\u00e7\u00e3o do medicamento.<\/p>\n\n\n\n<p>Em uma live, o presidente Bolsonaro ironizou: &#8220;Quem \u00e9 de direita toma cloroquina. Quem \u00e9 de esquerda toma Tuba\u00edna&#8221;, disse, referindo-se a uma marca de refrigerante.<\/p>\n\n\n\n<p>Como \u00e9 de direita, o empres\u00e1rio Mauro Reinaldo, 35, ficou com a primeira op\u00e7\u00e3o. Ele defende a &#8220;corrente de m\u00e9dicos do bem&#8221; que prescreve as receitas e permite a compra das subst\u00e2ncias, seja em farm\u00e1cias comuns ou nas de manipula\u00e7\u00e3o. No entanto, diz n\u00e3o saber quem s\u00e3o esses profissionais da sa\u00fade nem quem distribui os comprimidos entre os apoiadores do presidente.<\/p>\n\n\n\n<p>Mauro afirma ter tido sintomas do coronav\u00edrus em meados de fevereiro \u2013 o primeiro caso divulgado oficialmente no Brasil foi em 26 de fevereiro, mas um estudo do Instituto Oswaldo Cruz, da Fiocruz, aponta que a circula\u00e7\u00e3o do novo coronav\u00edrus no pa\u00eds come\u00e7ou na primeira semana de fevereiro.<\/p>\n\n\n\n<p>O empres\u00e1rio diz acreditar ter contra\u00eddo a doen\u00e7a por trabalhar no Br\u00e1s, bairro da capital paulista que concentra estrangeiros, inclusive chineses, em lojas de roupa e confec\u00e7\u00f5es. Ele afirma ter ficado quatro dias com falta de ar, tontura, fadiga e tosse e que procurou um m\u00e9dico, fez exames e recebeu indica\u00e7\u00e3o para tomar a hidroxicoloquina, azitromicina e mais uma s\u00e9rie de medicamentos, mesmo sem o quadro mais grave da doen\u00e7a.<\/p>\n\n\n\n<p>&#8220;Se voc\u00ea ler a bula de todos os rem\u00e9dios, cair\u00e1 de costas&#8221;, diz ele, que afirma ter feito exames h\u00e1 poucos dias e confirmado que tem anticorpos para o novo coronav\u00edrus.<\/p>\n\n\n\n<p>&#8220;As pessoas est\u00e3o se automedicando por conta da falta de credibilidade do governo estadual&#8221;, diz. &#8220;\u00c9 uma guerra pol\u00edtica, suja. Se forem no hospital, n\u00e3o v\u00e3o conseguir a cloroquina.&#8221;<\/p>\n\n\n\n<p>Ele acredita que pacientes da capital est\u00e3o sendo transferidos para o interior com objetivo de inflar os n\u00fameros em todo o estado. E que os hospitais de campanha est\u00e3o com menos da metade de ocupa\u00e7\u00e3o \u2013 segundo a prefeitura de S\u00e3o Paulo, 90% das UTIs na capital est\u00e3o ocupadas.<\/p>\n","protected":false},"excerpt":{"rendered":"<p>Antes mesmo de o governo Jair Bolsonaro (sem partido) mudar o protocolo de tratamento da Covid-19 e ampliar o uso da cloroquina tamb\u00e9m para casos&hellip; <\/p>\n","protected":false},"author":2,"featured_media":170695,"comment_status":"closed","ping_status":"closed","sticky":false,"template":"","format":"standard","meta":{"sfsi_plus_gutenberg_text_before_share":"","sfsi_plus_gutenberg_show_text_before_share":"","sfsi_plus_gutenberg_icon_type":"","sfsi_plus_gutenberg_icon_alignemt":"","sfsi_plus_gutenburg_max_per_row":"","footnotes":""},"categories":[2],"tags":[],"class_list":["post-170694","post","type-post","status-publish","format-standard","has-post-thumbnail","hentry","category-geral"],"_links":{"self":[{"href":"https:\/\/www.caririemacao.com\/1\/wp-json\/wp\/v2\/posts\/170694","targetHints":{"allow":["GET"]}}],"collection":[{"href":"https:\/\/www.caririemacao.com\/1\/wp-json\/wp\/v2\/posts"}],"about":[{"href":"https:\/\/www.caririemacao.com\/1\/wp-json\/wp\/v2\/types\/post"}],"author":[{"embeddable":true,"href":"https:\/\/www.caririemacao.com\/1\/wp-json\/wp\/v2\/users\/2"}],"replies":[{"embeddable":true,"href":"https:\/\/www.caririemacao.com\/1\/wp-json\/wp\/v2\/comments?post=170694"}],"version-history":[{"count":1,"href":"https:\/\/www.caririemacao.com\/1\/wp-json\/wp\/v2\/posts\/170694\/revisions"}],"predecessor-version":[{"id":170696,"href":"https:\/\/www.caririemacao.com\/1\/wp-json\/wp\/v2\/posts\/170694\/revisions\/170696"}],"wp:featuredmedia":[{"embeddable":true,"href":"https:\/\/www.caririemacao.com\/1\/wp-json\/wp\/v2\/media\/170695"}],"wp:attachment":[{"href":"https:\/\/www.caririemacao.com\/1\/wp-json\/wp\/v2\/media?parent=170694"}],"wp:term":[{"taxonomy":"category","embeddable":true,"href":"https:\/\/www.caririemacao.com\/1\/wp-json\/wp\/v2\/categories?post=170694"},{"taxonomy":"post_tag","embeddable":true,"href":"https:\/\/www.caririemacao.com\/1\/wp-json\/wp\/v2\/tags?post=170694"}],"curies":[{"name":"wp","href":"https:\/\/api.w.org\/{rel}","templated":true}]}}