{"id":170698,"date":"2020-05-21T06:53:10","date_gmt":"2020-05-21T09:53:10","guid":{"rendered":"https:\/\/www.caririemacao.com\/1\/?p=170698"},"modified":"2020-05-21T06:53:10","modified_gmt":"2020-05-21T09:53:10","slug":"guedes-admite-prorrogar-auxilio-emergencial-por-um-ou-dois-meses-mas-com-valor-de-r-200","status":"publish","type":"post","link":"https:\/\/www.caririemacao.com\/1\/2020\/05\/21\/guedes-admite-prorrogar-auxilio-emergencial-por-um-ou-dois-meses-mas-com-valor-de-r-200\/","title":{"rendered":"Guedes admite prorrogar aux\u00edlio emergencial por um ou dois meses, mas com valor de R$ 200"},"content":{"rendered":"\n<p>O aux\u00edlio foi criado para durar apenas tr\u00eas meses, com valores concedidos em abril, maio e junho. Com a prorroga\u00e7\u00e3o por dois meses, permaneceria at\u00e9 agosto.<br>O discurso pela prorroga\u00e7\u00e3o representa uma mudan\u00e7a de posi\u00e7\u00e3o da equipe econ\u00f4mica, antes contr\u00e1ria \u00e0 extens\u00e3o da medida. Mesmo assim, a redu\u00e7\u00e3o do montante concedido \u00e9 defendida como fundamental.<\/p>\n\n\n\n<p>Guedes defende a redu\u00e7\u00e3o do valor por causa das limita\u00e7\u00f5es das contas p\u00fablicas. O ministro prop\u00f4s uma ajuda de R$ 200 no come\u00e7o da pandemia, mas o governo aceitou elevar o montante para R$ 600 ap\u00f3s press\u00f5es do Congresso.<\/p>\n\n\n\n<p>&#8220;Se voltar para R$ 200 quem sabe n\u00e3o d\u00e1 para estender um m\u00eas ou dois? R$ 600 n\u00e3o d\u00e1&#8221;, disse Guedes em reuni\u00e3o com empres\u00e1rios na ter\u00e7a-feira (19).<\/p>\n\n\n\n<p>&#8220;O que a sociedade prefere, um m\u00eas de R$ 600 ou tr\u00eas de R$ 200? \u00c9 esse tipo de conta que estamos fazendo. \u00c9 poss\u00edvel que aconte\u00e7a uma extens\u00e3o. Mas ser\u00e1 que temos dinheiro para uma extens\u00e3o a R$ 600? Acho que n\u00e3o&#8221;, afirmou o ministro.<\/p>\n\n\n\n<p>Para Guedes, o benef\u00edcio n\u00e3o poderia ser maior que R$ 200 porque esse \u00e9 o valor pago aos benefici\u00e1rios do Bolsa Fam\u00edlia, que de forma geral s\u00e3o mais vulner\u00e1veis que trabalhadores informais. &#8220;Se o Bolsa Fam\u00edlia \u00e9 R$ 200, n\u00e3o posso pagar mais que isso a um chofer de t\u00e1xi no Sudeste&#8221;, disse.<\/p>\n\n\n\n<p>O titular da equipe econ\u00f4mica ainda defende um equil\u00edbrio na medida tamb\u00e9m por, segundo ele, haver risco de as pessoas n\u00e3o trabalharem mais e faltarem produtos nas prateleiras.<\/p>\n\n\n\n<p>&#8220;Se falarmos que vai ter mais tr\u00eas meses, mais tr\u00eas meses, mais tr\u00eas meses, a\u00ed ningu\u00e9m trabalha. Ningu\u00e9m sai de casa e o isolamento vai ser de oito anos porque a vida est\u00e1 boa, est\u00e1 tudo tranquilo. E a\u00ed vamos morrer de fome do outro lado. \u00c9 o meu pavor, a prateleira vazia&#8221;, disse.<\/p>\n\n\n\n<p>&#8220;Eu estou jogando dinheiro, n\u00e3o tem problema. Agora, a prateleira vai estar vazia porque v\u00e3o parar de produzir. Ent\u00e3o tem um equil\u00edbrio delicado que a gente tem que seguir&#8221;, afirmou.<\/p>\n","protected":false},"excerpt":{"rendered":"<p>O aux\u00edlio foi criado para durar apenas tr\u00eas meses, com valores concedidos em abril, maio e junho. Com a prorroga\u00e7\u00e3o por dois meses, permaneceria at\u00e9&hellip; <\/p>\n","protected":false},"author":2,"featured_media":166076,"comment_status":"closed","ping_status":"closed","sticky":false,"template":"","format":"standard","meta":{"sfsi_plus_gutenberg_text_before_share":"","sfsi_plus_gutenberg_show_text_before_share":"","sfsi_plus_gutenberg_icon_type":"","sfsi_plus_gutenberg_icon_alignemt":"","sfsi_plus_gutenburg_max_per_row":"","footnotes":""},"categories":[50,11],"tags":[],"class_list":["post-170698","post","type-post","status-publish","format-standard","has-post-thumbnail","hentry","category-destaque","category-politica"],"_links":{"self":[{"href":"https:\/\/www.caririemacao.com\/1\/wp-json\/wp\/v2\/posts\/170698","targetHints":{"allow":["GET"]}}],"collection":[{"href":"https:\/\/www.caririemacao.com\/1\/wp-json\/wp\/v2\/posts"}],"about":[{"href":"https:\/\/www.caririemacao.com\/1\/wp-json\/wp\/v2\/types\/post"}],"author":[{"embeddable":true,"href":"https:\/\/www.caririemacao.com\/1\/wp-json\/wp\/v2\/users\/2"}],"replies":[{"embeddable":true,"href":"https:\/\/www.caririemacao.com\/1\/wp-json\/wp\/v2\/comments?post=170698"}],"version-history":[{"count":1,"href":"https:\/\/www.caririemacao.com\/1\/wp-json\/wp\/v2\/posts\/170698\/revisions"}],"predecessor-version":[{"id":170699,"href":"https:\/\/www.caririemacao.com\/1\/wp-json\/wp\/v2\/posts\/170698\/revisions\/170699"}],"wp:featuredmedia":[{"embeddable":true,"href":"https:\/\/www.caririemacao.com\/1\/wp-json\/wp\/v2\/media\/166076"}],"wp:attachment":[{"href":"https:\/\/www.caririemacao.com\/1\/wp-json\/wp\/v2\/media?parent=170698"}],"wp:term":[{"taxonomy":"category","embeddable":true,"href":"https:\/\/www.caririemacao.com\/1\/wp-json\/wp\/v2\/categories?post=170698"},{"taxonomy":"post_tag","embeddable":true,"href":"https:\/\/www.caririemacao.com\/1\/wp-json\/wp\/v2\/tags?post=170698"}],"curies":[{"name":"wp","href":"https:\/\/api.w.org\/{rel}","templated":true}]}}