{"id":170701,"date":"2020-05-21T06:55:54","date_gmt":"2020-05-21T09:55:54","guid":{"rendered":"https:\/\/www.caririemacao.com\/1\/?p=170701"},"modified":"2020-05-21T06:55:54","modified_gmt":"2020-05-21T09:55:54","slug":"ministro-do-stj-nega-pedido-de-habeas-corpus-coletivo-contra-isolamento-em-pernambuco-e-critica-posicao-de-bolsonaro-durante-pandemia","status":"publish","type":"post","link":"https:\/\/www.caririemacao.com\/1\/2020\/05\/21\/ministro-do-stj-nega-pedido-de-habeas-corpus-coletivo-contra-isolamento-em-pernambuco-e-critica-posicao-de-bolsonaro-durante-pandemia\/","title":{"rendered":"Ministro do STJ nega pedido de habeas corpus coletivo contra isolamento em Pernambuco e critica posi\u00e7\u00e3o de Bolsonaro durante pandemia"},"content":{"rendered":"\n<p>&#8220;Em nenhum pa\u00eds, pelo que se sabe, ministros respons\u00e1veis pela pasta da Sa\u00fade s\u00e3o demitidos por n\u00e3o se ajustarem \u00e0 opini\u00e3o pessoal do governante m\u00e1ximo da na\u00e7\u00e3o e por n\u00e3o aceitarem, portanto, ser dirigidos por cren\u00e7as e palpites que confrontam o que a generalidade dos demais pa\u00edses vem fazendo na tentativa de conter o avan\u00e7o dessa avassaladora pandemia&#8221;, acrescentou Schietti.<\/p>\n\n\n\n<p>Com o habeas corpus coletivo submetido ao STJ, a deputada estadual Erica Clarissa Borba Cordeiro de Moura (PSC) \u2013 conhecida na pol\u00edtica local como Clarissa T\u00e9rcio \u2013 pretendia a concess\u00e3o de salvo-conduto para que os cidad\u00e3os de Pernambuco pudessem circular livremente, a despeito do Decreto Estadual 49.017, do \u00faltimo dia 11, que intensificou as medidas de restri\u00e7\u00e3o \u00e0 movimenta\u00e7\u00e3o de pessoas para combater a pandemia do novo coronav\u00edrus (Covid-19).<\/p>\n\n\n\n<p>Segundo a deputada, &#8220;quarentena ou lockdown \u00e9 medida somente aceit\u00e1vel em estado de s\u00edtio ou em tempo de guerra&#8221;. Ela sustentou que o decreto do governador, ao criar a possibilidade de apreens\u00e3o de ve\u00edculos e at\u00e9 mesmo de priva\u00e7\u00e3o de liberdade das pessoas, teria violado compet\u00eancia da Uni\u00e3o, tornando-se inconstitucional.<\/p>\n\n\n\n<p><strong>Inviabilidade jur\u00eddica<\/strong><\/p>\n\n\n\n<p>Em sua decis\u00e3o, o ministro Schietti, relator do processo, reportou-se \u00e0 jurisprud\u00eancia do STJ e do Supremo Tribunal Federal (STF) para concluir que o habeas corpus &#8220;n\u00e3o \u00e9 cab\u00edvel contra ato de car\u00e1ter normativo, para discuss\u00e3o de lei em tese e situa\u00e7\u00f5es gerais e abstratas, nem \u00e9 suced\u00e2neo de a\u00e7\u00e3o direta de inconstitucionalidade, sob pena de grave deforma\u00e7\u00e3o do instituto e inaceit\u00e1vel desvio de sua fun\u00e7\u00e3o&#8221;.<\/p>\n\n\n\n<p>Tamb\u00e9m com respaldo em entendimento do STF, o ministro considerou que parlamentar estadual n\u00e3o tem legitimidade processual para representar os interesses coletivos dos supostos benefici\u00e1rios do habeas corpus.<\/p>\n\n\n\n<p>Segundo o ministro, al\u00e9m de n\u00e3o ter viabilidade jur\u00eddica, o pedido da deputada &#8220;parece ignorar o que acontece, atualmente, em nosso pa\u00eds&#8221;. Mencionando os n\u00fameros de v\u00edtimas da pandemia \u2013 17.971 mortes at\u00e9 ter\u00e7a-feira (19) \u2013, ele ressaltou que Pernambuco \u00e9 o segundo estado mais afetado do Nordeste, com 1.741 \u00f3bitos.<\/p>\n\n\n\n<p>Medidas mais dr\u00e1sticas de preven\u00e7\u00e3o, de acordo com Schietti, foram adotadas em diversos pa\u00edses, diante do agravamento da crise sanit\u00e1ria, que j\u00e1 produziu mais de 4,7 milh\u00f5es de casos de Covid-19 no mundo todo.<\/p>\n\n\n\n<p><strong>Recado de confronto<\/strong><\/p>\n\n\n\n<p>&#8220;A grande e principal diferen\u00e7a em rela\u00e7\u00e3o a esses pa\u00edses e o nosso \u00e9 que em nenhum deles \u2013 \u00e0 exce\u00e7\u00e3o, talvez, dos Estados Unidos, cujo presidente \u00e9 t\u00e3o reverenciado por seu hom\u00f3logo brasileiro \u2013 existe uma clara dissens\u00e3o entre as pol\u00edticas nacional e regionais&#8221;, comentou o relator.<\/p>\n\n\n\n<p>Ao falar sobre a expectativa de agravamento da situa\u00e7\u00e3o no Brasil, Schietti declarou que &#8220;boa parte dessa realidade se pode creditar ao comportamento de quem, em um momento como este, deveria deixar de lado suas opini\u00f5es pessoais, seus antagonismos pol\u00edticos, suas quest\u00f5es familiares e suas desaven\u00e7as ideol\u00f3gicas, em prol da constru\u00e7\u00e3o de uma unidade nacional&#8221;. Ele lamentou, por\u00e9m, que o recado seja outro.<\/p>\n\n\n\n<p>&#8220;O recado transmitido \u00e9, todavia, de confronto, de desprezo \u00e0 ci\u00eancia e \u00e0s institui\u00e7\u00f5es e pessoas que se dedicam \u00e0 pesquisa, de sil\u00eancio ou at\u00e9 de pilh\u00e9ria diante de trag\u00e9dias di\u00e1rias. \u00c9 a reprodu\u00e7\u00e3o de uma esp\u00e9cie de necropol\u00edtica, de uma viol\u00eancia sist\u00eamica, que se associa \u00e0 j\u00e1 vergonhosa viol\u00eancia f\u00edsica, direta (que nos situa em patamares ignominiosos no cen\u00e1rio mundial), e \u00e0 viol\u00eancia ideol\u00f3gica, mais silenciosa, por\u00e9m igualmente perversa, e que se expressa nas manifesta\u00e7\u00f5es de racismo, de misoginia, de discrimina\u00e7\u00e3o sexual e intoler\u00e2ncia a grupos minorit\u00e1rios.&#8221;<\/p>\n\n\n\n<p>A soma de tudo isso, segundo Schietti, &#8220;gera um sentimento de inseguran\u00e7a, de desesperan\u00e7a, de medo \u2013 ingredientes suficientes para criar uma ambi\u00eancia ca\u00f3tica, prop\u00edcia a propostas n\u00e3o apenas populistas mas de retrocesso institucional, como tem sido a t\u00f4nica nos \u00faltimos tempos&#8221;.<\/p>\n","protected":false},"excerpt":{"rendered":"<p>&#8220;Em nenhum pa\u00eds, pelo que se sabe, ministros respons\u00e1veis pela pasta da Sa\u00fade s\u00e3o demitidos por n\u00e3o se ajustarem \u00e0 opini\u00e3o pessoal do governante m\u00e1ximo&hellip; <\/p>\n","protected":false},"author":2,"featured_media":170702,"comment_status":"closed","ping_status":"closed","sticky":false,"template":"","format":"standard","meta":{"sfsi_plus_gutenberg_text_before_share":"","sfsi_plus_gutenberg_show_text_before_share":"","sfsi_plus_gutenberg_icon_type":"","sfsi_plus_gutenberg_icon_alignemt":"","sfsi_plus_gutenburg_max_per_row":"","footnotes":""},"categories":[2],"tags":[],"class_list":["post-170701","post","type-post","status-publish","format-standard","has-post-thumbnail","hentry","category-geral"],"_links":{"self":[{"href":"https:\/\/www.caririemacao.com\/1\/wp-json\/wp\/v2\/posts\/170701","targetHints":{"allow":["GET"]}}],"collection":[{"href":"https:\/\/www.caririemacao.com\/1\/wp-json\/wp\/v2\/posts"}],"about":[{"href":"https:\/\/www.caririemacao.com\/1\/wp-json\/wp\/v2\/types\/post"}],"author":[{"embeddable":true,"href":"https:\/\/www.caririemacao.com\/1\/wp-json\/wp\/v2\/users\/2"}],"replies":[{"embeddable":true,"href":"https:\/\/www.caririemacao.com\/1\/wp-json\/wp\/v2\/comments?post=170701"}],"version-history":[{"count":1,"href":"https:\/\/www.caririemacao.com\/1\/wp-json\/wp\/v2\/posts\/170701\/revisions"}],"predecessor-version":[{"id":170703,"href":"https:\/\/www.caririemacao.com\/1\/wp-json\/wp\/v2\/posts\/170701\/revisions\/170703"}],"wp:featuredmedia":[{"embeddable":true,"href":"https:\/\/www.caririemacao.com\/1\/wp-json\/wp\/v2\/media\/170702"}],"wp:attachment":[{"href":"https:\/\/www.caririemacao.com\/1\/wp-json\/wp\/v2\/media?parent=170701"}],"wp:term":[{"taxonomy":"category","embeddable":true,"href":"https:\/\/www.caririemacao.com\/1\/wp-json\/wp\/v2\/categories?post=170701"},{"taxonomy":"post_tag","embeddable":true,"href":"https:\/\/www.caririemacao.com\/1\/wp-json\/wp\/v2\/tags?post=170701"}],"curies":[{"name":"wp","href":"https:\/\/api.w.org\/{rel}","templated":true}]}}