{"id":170709,"date":"2020-05-21T07:00:28","date_gmt":"2020-05-21T10:00:28","guid":{"rendered":"https:\/\/www.caririemacao.com\/1\/?p=170709"},"modified":"2020-05-21T07:00:28","modified_gmt":"2020-05-21T10:00:28","slug":"jovem-de-21-anos-e-a-primeira-paciente-com-covid-19-em-sao-joao-do-tigre","status":"publish","type":"post","link":"https:\/\/www.caririemacao.com\/1\/2020\/05\/21\/jovem-de-21-anos-e-a-primeira-paciente-com-covid-19-em-sao-joao-do-tigre\/","title":{"rendered":"Jovem de 21 anos \u00e9 a primeira paciente com Covid-19 em S\u00e3o Jo\u00e3o do Tigre"},"content":{"rendered":"\n<p>S\u00e3o Jo\u00e3o do Tigre foi o mais novo munic\u00edpio a registrar o primeiro caso de Covid-19 (novo coronav\u00edrus) na regi\u00e3o do Cariri paraibano.<\/p>\n\n\n\n<p>Na tarde desta quarta-feira(20) a Prefeitura de S\u00e3o Jo\u00e3o do Tigre atrav\u00e9s da Secretaria Municipal de Sa\u00fade confirmou o primeiro caso da doen\u00e7a no munic\u00edpio. Uma jovem de 21 anos de idade, sexo feminino, residente no Distrito de Cacimbinha, acabou realizando o teste r\u00e1pido, onde veio a testar positivo para o novo v\u00edrus.<\/p>\n\n\n\n<p>A paciente encontra-se em isolamento domiciliar e j\u00e1 est\u00e1 sendo sendo acompanhada e orientada pela unidade municipal de sa\u00fade.<\/p>\n\n\n\n<p>Desde o in\u00edcio da pandemia, a Prefeitura de S\u00e3o Jo\u00e3o do Tigre tem adotado v\u00e1rias medidas de combate e preven\u00e7\u00e3o do v\u00edrus, como barreiras sanit\u00e1rias, desinfec\u00e7\u00e3o das ruas e espa\u00e7os p\u00fablicos, conscientiza\u00e7\u00e3o das pessoas, como orientado o isolamento e uso de m\u00e1scara as pessoas, al\u00e9m de tamb\u00e9m ter realizado a distribui\u00e7\u00e3o de m\u00e1scaras e \u00e1lcool em gel no munic\u00edpio, al\u00e9m da aquisi\u00e7\u00e3o de equipamentos.<\/p>\n\n\n\n<p>O munic\u00edpio tamb\u00e9m realizou a aquisi\u00e7\u00e3o de testes r\u00e1pidos com recursos pr\u00f3prios, bem como recebeu testes r\u00e1pidos do governo do Estado.<\/p>\n\n\n\n<p>De Olho no Cariri<\/p>\n","protected":false},"excerpt":{"rendered":"<p>S\u00e3o Jo\u00e3o do Tigre foi o mais novo munic\u00edpio a registrar o primeiro caso de Covid-19 (novo coronav\u00edrus) na regi\u00e3o do Cariri paraibano. Na tarde&hellip; <\/p>\n","protected":false},"author":2,"featured_media":170710,"comment_status":"closed","ping_status":"closed","sticky":false,"template":"","format":"standard","meta":{"sfsi_plus_gutenberg_text_before_share":"","sfsi_plus_gutenberg_show_text_before_share":"","sfsi_plus_gutenberg_icon_type":"","sfsi_plus_gutenberg_icon_alignemt":"","sfsi_plus_gutenburg_max_per_row":"","footnotes":""},"categories":[6],"tags":[],"class_list":["post-170709","post","type-post","status-publish","format-standard","has-post-thumbnail","hentry","category-cidades"],"_links":{"self":[{"href":"https:\/\/www.caririemacao.com\/1\/wp-json\/wp\/v2\/posts\/170709","targetHints":{"allow":["GET"]}}],"collection":[{"href":"https:\/\/www.caririemacao.com\/1\/wp-json\/wp\/v2\/posts"}],"about":[{"href":"https:\/\/www.caririemacao.com\/1\/wp-json\/wp\/v2\/types\/post"}],"author":[{"embeddable":true,"href":"https:\/\/www.caririemacao.com\/1\/wp-json\/wp\/v2\/users\/2"}],"replies":[{"embeddable":true,"href":"https:\/\/www.caririemacao.com\/1\/wp-json\/wp\/v2\/comments?post=170709"}],"version-history":[{"count":1,"href":"https:\/\/www.caririemacao.com\/1\/wp-json\/wp\/v2\/posts\/170709\/revisions"}],"predecessor-version":[{"id":170711,"href":"https:\/\/www.caririemacao.com\/1\/wp-json\/wp\/v2\/posts\/170709\/revisions\/170711"}],"wp:featuredmedia":[{"embeddable":true,"href":"https:\/\/www.caririemacao.com\/1\/wp-json\/wp\/v2\/media\/170710"}],"wp:attachment":[{"href":"https:\/\/www.caririemacao.com\/1\/wp-json\/wp\/v2\/media?parent=170709"}],"wp:term":[{"taxonomy":"category","embeddable":true,"href":"https:\/\/www.caririemacao.com\/1\/wp-json\/wp\/v2\/categories?post=170709"},{"taxonomy":"post_tag","embeddable":true,"href":"https:\/\/www.caririemacao.com\/1\/wp-json\/wp\/v2\/tags?post=170709"}],"curies":[{"name":"wp","href":"https:\/\/api.w.org\/{rel}","templated":true}]}}