{"id":170713,"date":"2020-05-21T07:11:20","date_gmt":"2020-05-21T10:11:20","guid":{"rendered":"https:\/\/www.caririemacao.com\/1\/?p=170713"},"modified":"2020-05-21T07:11:20","modified_gmt":"2020-05-21T10:11:20","slug":"bolsonaro-confirma-ator-mario-frias-no-lugar-de-regina-duarte","status":"publish","type":"post","link":"https:\/\/www.caririemacao.com\/1\/2020\/05\/21\/bolsonaro-confirma-ator-mario-frias-no-lugar-de-regina-duarte\/","title":{"rendered":"Bolsonaro confirma ator M\u00e1rio Frias no lugar de Regina Duarte"},"content":{"rendered":"\n<p>Um dos nomes que estavam sendo mais cotados para ocupar a Secretaria de Cultura, o ator&nbsp;<strong>M\u00e1rio Fria<\/strong>s foi confirmado por Jair Bolsonaro e ocupar\u00e1 o cargo deixado por<strong>&nbsp;Regina Duarte.<\/strong>&nbsp;A atriz havia assumido a Secretaria em 4 de mar\u00e7o.<\/p>\n\n\n\n<p>A nomea\u00e7\u00e3o do ex-gal\u00e3 da novela Malha\u00e7\u00e3o, da Globo, deve sair at\u00e9 esta quinta-feira 21, segundo o site O Antagonista. A BandNews tamb\u00e9m noticiou a confirma\u00e7\u00e3o do nome de M\u00e1rio Frias.<\/p>\n\n\n\n<p>O nome vinha sendo defendido por bolsonaristas. Frias almo\u00e7ou com Bolsonaro nesta quarta-feira 20, depois de ter dito em uma entrevista que estava dispon\u00edvel para o cargo.<\/p>\n","protected":false},"excerpt":{"rendered":"<p>Um dos nomes que estavam sendo mais cotados para ocupar a Secretaria de Cultura, o ator&nbsp;M\u00e1rio Frias foi confirmado por Jair Bolsonaro e ocupar\u00e1 o&hellip; <\/p>\n","protected":false},"author":2,"featured_media":170714,"comment_status":"closed","ping_status":"closed","sticky":false,"template":"","format":"standard","meta":{"sfsi_plus_gutenberg_text_before_share":"","sfsi_plus_gutenberg_show_text_before_share":"","sfsi_plus_gutenberg_icon_type":"","sfsi_plus_gutenberg_icon_alignemt":"","sfsi_plus_gutenburg_max_per_row":"","footnotes":""},"categories":[11],"tags":[],"class_list":["post-170713","post","type-post","status-publish","format-standard","has-post-thumbnail","hentry","category-politica"],"_links":{"self":[{"href":"https:\/\/www.caririemacao.com\/1\/wp-json\/wp\/v2\/posts\/170713","targetHints":{"allow":["GET"]}}],"collection":[{"href":"https:\/\/www.caririemacao.com\/1\/wp-json\/wp\/v2\/posts"}],"about":[{"href":"https:\/\/www.caririemacao.com\/1\/wp-json\/wp\/v2\/types\/post"}],"author":[{"embeddable":true,"href":"https:\/\/www.caririemacao.com\/1\/wp-json\/wp\/v2\/users\/2"}],"replies":[{"embeddable":true,"href":"https:\/\/www.caririemacao.com\/1\/wp-json\/wp\/v2\/comments?post=170713"}],"version-history":[{"count":1,"href":"https:\/\/www.caririemacao.com\/1\/wp-json\/wp\/v2\/posts\/170713\/revisions"}],"predecessor-version":[{"id":170715,"href":"https:\/\/www.caririemacao.com\/1\/wp-json\/wp\/v2\/posts\/170713\/revisions\/170715"}],"wp:featuredmedia":[{"embeddable":true,"href":"https:\/\/www.caririemacao.com\/1\/wp-json\/wp\/v2\/media\/170714"}],"wp:attachment":[{"href":"https:\/\/www.caririemacao.com\/1\/wp-json\/wp\/v2\/media?parent=170713"}],"wp:term":[{"taxonomy":"category","embeddable":true,"href":"https:\/\/www.caririemacao.com\/1\/wp-json\/wp\/v2\/categories?post=170713"},{"taxonomy":"post_tag","embeddable":true,"href":"https:\/\/www.caririemacao.com\/1\/wp-json\/wp\/v2\/tags?post=170713"}],"curies":[{"name":"wp","href":"https:\/\/api.w.org\/{rel}","templated":true}]}}