{"id":170719,"date":"2020-05-21T07:16:10","date_gmt":"2020-05-21T10:16:10","guid":{"rendered":"https:\/\/www.caririemacao.com\/1\/?p=170719"},"modified":"2020-05-21T07:16:10","modified_gmt":"2020-05-21T10:16:10","slug":"projeto-aprovado-na-camara-dispensa-pericia-de-doencas-graves-no-inss","status":"publish","type":"post","link":"https:\/\/www.caririemacao.com\/1\/2020\/05\/21\/projeto-aprovado-na-camara-dispensa-pericia-de-doencas-graves-no-inss\/","title":{"rendered":"Projeto aprovado na C\u00e2mara dispensa per\u00edcia de doen\u00e7as graves no INSS"},"content":{"rendered":"\n<p>O plen\u00e1rio da C\u00e2mara dos Deputados aprovou nesta quarta-feira (20), em sess\u00e3o virtual, projeto de lei que suspende as convoca\u00e7\u00f5es para per\u00edcias do aux\u00edlio-doen\u00e7a pago pela Previd\u00eancia Social de pessoas com alzheimer, doen\u00e7a de parkinson, fibromialgia e outras doen\u00e7as cr\u00f4nico-degenerativas durante a pandemia de covid-19. A mat\u00e9ria segue para an\u00e1lise do Senado.<\/p>\n\n\n\n<p>Segundo o relator da proposta, deputado Fred Costa (Patriota-MG), a medida dever\u00e1 ser tomada para evitar que pessoas que j\u00e1 t\u00eam doen\u00e7as cr\u00f4nico-degenerativas sejam contaminadas e, por consequ\u00eancia, desenvolvam a forma mais grave do novo coronav\u00edrus, a s\u00edndrome respirat\u00f3ria aguda grave (SRAG).<\/p>\n\n\n\n<p>\u201cEssas regras [convoca\u00e7\u00f5es para per\u00edcias] se justificam em tempos e situa\u00e7\u00f5es normais, a fim de evitar que um segurado ou dependente inv\u00e1lido que eventualmente se recuperou de uma doen\u00e7a incapacitante receba um benef\u00edcio por um per\u00edodo superior ao devido. No momento, no entanto, \u00e9 preciso dar prioridade \u00e0 sa\u00fade, especialmente das pessoas com doen\u00e7as que reduzem a imunidade, que est\u00e3o mais sujeitas a desenvolverem a forma mais grave de covid-19 e falecerem\u201d, explicou o deputado.<\/p>\n\n\n\n<p>O projeto de lei prev\u00ea que podem ser beneficiados os portadores de tuberculose ativa, hansen\u00edase, neoplasia maligna, cardiopatia grave, doen\u00e7a de parkinson, doen\u00e7a de alzheimer, Aids, esclerose m\u00faltipla e outras.<\/p>\n\n\n\n<p>\u201c\u00c9 contradit\u00f3rio informar que tais pacientes devem permanecer em casa e exigir que compare\u00e7am \u00e0s ag\u00eancias lotadas do Instituto Nacional de Seguridade Social (INSS) para se submeterem a exames m\u00e9dicos que, muitas vezes, apenas confirmam a avalia\u00e7\u00e3o inicial de perman\u00eancia da incapacidade ou invalidez\u201d, argumentou o deputado. \u201cSe a recomenda\u00e7\u00e3o das autoridades sanit\u00e1rias \u00e9 que as pessoas permane\u00e7am em casa tanto quanto poss\u00edvel, esse apelo \u00e9 ainda mais enf\u00e1tico para as pessoas com imunidade reduzida, doen\u00e7as cr\u00f4nico-degenerativas progressivas e fibromialgia. S\u00e3o doen\u00e7as que podem ser graves por si s\u00f3, ainda mais quando associadas \u00e0 covid-19.\u201d<\/p>\n\n\n\n<h4 class=\"wp-block-heading\">Enem<\/h4>\n\n\n\n<p>O presidente da C\u00e2mara, deputado Rodrigo Maia (DEM-RJ) elogiou, por meio do Twitter, o\u00a0adiamento do Exame Nacional do Ensino M\u00e9dio (Enem) 2020. A medida foi divulgada por meio de nota conjunta do Minist\u00e9rio da Educa\u00e7\u00e3o e do Instituto Nacional de Estudos e Pesquisas Educacionais An\u00edsio Teixeira (Inep), sem a defini\u00e7\u00e3o de nova data para o exame.<\/p>\n\n\n\n<p>\u201cO adiamento do Enem \u00e9 uma vit\u00f3ria da mobiliza\u00e7\u00e3o da comunidade da educa\u00e7\u00e3o, principalmente estudantes e professores da rede p\u00fablica. Agora, teremos mais tempo para reduzir as enormes desigualdades no ensino trazidas pela pandemia\u201d, disse Rodrigo Maia.<a href=\"https:\/\/twitter.com\/RodrigoMaia\/status\/1263212870571044875\"><\/a><\/p>\n\n\n\n<p>O adiamento do Enem \u00e9 uma vit\u00f3ria da mobiliza\u00e7\u00e3o da comunidade da educa\u00e7\u00e3o, principalmente estudantes e professores da rede p\u00fablica. Agora, teremos mais tempo para reduzir as enormes desigualdades no ensino trazidas pela pandemia.<\/p>\n\n\n\n<p>No in\u00edcio da sess\u00e3o desta quarta-feira, o parlamentar afirmou que, caso haja recuo do governo na medida, a\u00a0proposta aprovada pelo Senado\u00a0ontem (19) ser\u00e1 colocada em vota\u00e7\u00e3o na C\u00e2mara, onde j\u00e1 h\u00e1 consenso entre os l\u00edderes partid\u00e1rios para aprova\u00e7\u00e3o da medida. A proposta tamb\u00e9m n\u00e3o firma um novo prazo para realiza\u00e7\u00e3o das provas, ficando dependente da evolu\u00e7\u00e3o da situa\u00e7\u00e3o da doen\u00e7a.<\/p>\n","protected":false},"excerpt":{"rendered":"<p>O plen\u00e1rio da C\u00e2mara dos Deputados aprovou nesta quarta-feira (20), em sess\u00e3o virtual, projeto de lei que suspende as convoca\u00e7\u00f5es para per\u00edcias do aux\u00edlio-doen\u00e7a pago&hellip; <\/p>\n","protected":false},"author":2,"featured_media":167438,"comment_status":"closed","ping_status":"closed","sticky":false,"template":"","format":"standard","meta":{"sfsi_plus_gutenberg_text_before_share":"","sfsi_plus_gutenberg_show_text_before_share":"","sfsi_plus_gutenberg_icon_type":"","sfsi_plus_gutenberg_icon_alignemt":"","sfsi_plus_gutenburg_max_per_row":"","footnotes":""},"categories":[11],"tags":[],"class_list":["post-170719","post","type-post","status-publish","format-standard","has-post-thumbnail","hentry","category-politica"],"_links":{"self":[{"href":"https:\/\/www.caririemacao.com\/1\/wp-json\/wp\/v2\/posts\/170719","targetHints":{"allow":["GET"]}}],"collection":[{"href":"https:\/\/www.caririemacao.com\/1\/wp-json\/wp\/v2\/posts"}],"about":[{"href":"https:\/\/www.caririemacao.com\/1\/wp-json\/wp\/v2\/types\/post"}],"author":[{"embeddable":true,"href":"https:\/\/www.caririemacao.com\/1\/wp-json\/wp\/v2\/users\/2"}],"replies":[{"embeddable":true,"href":"https:\/\/www.caririemacao.com\/1\/wp-json\/wp\/v2\/comments?post=170719"}],"version-history":[{"count":1,"href":"https:\/\/www.caririemacao.com\/1\/wp-json\/wp\/v2\/posts\/170719\/revisions"}],"predecessor-version":[{"id":170720,"href":"https:\/\/www.caririemacao.com\/1\/wp-json\/wp\/v2\/posts\/170719\/revisions\/170720"}],"wp:featuredmedia":[{"embeddable":true,"href":"https:\/\/www.caririemacao.com\/1\/wp-json\/wp\/v2\/media\/167438"}],"wp:attachment":[{"href":"https:\/\/www.caririemacao.com\/1\/wp-json\/wp\/v2\/media?parent=170719"}],"wp:term":[{"taxonomy":"category","embeddable":true,"href":"https:\/\/www.caririemacao.com\/1\/wp-json\/wp\/v2\/categories?post=170719"},{"taxonomy":"post_tag","embeddable":true,"href":"https:\/\/www.caririemacao.com\/1\/wp-json\/wp\/v2\/tags?post=170719"}],"curies":[{"name":"wp","href":"https:\/\/api.w.org\/{rel}","templated":true}]}}