{"id":170725,"date":"2020-05-21T07:25:27","date_gmt":"2020-05-21T10:25:27","guid":{"rendered":"https:\/\/www.caririemacao.com\/1\/?p=170725"},"modified":"2020-05-21T07:25:27","modified_gmt":"2020-05-21T10:25:27","slug":"weintraub-sugere-adiamento-do-enem-por-ate-60-dias","status":"publish","type":"post","link":"https:\/\/www.caririemacao.com\/1\/2020\/05\/21\/weintraub-sugere-adiamento-do-enem-por-ate-60-dias\/","title":{"rendered":"Weintraub sugere adiamento do Enem por at\u00e9 60 dias"},"content":{"rendered":"\n<p>O ministro da Educa\u00e7\u00e3o, Abraham Weintraub, sugeriu hoje (20), pelas redes sociais, o adiamento do Exame Nacional do Ensino M\u00e9dio (Enem) por um prazo entre 30 e 60 dias. Em sua conta no Twitter, ele informou que a decis\u00e3o ocorre \u201cdiante dos recentes acontecimentos no Congresso\u201d e ap\u00f3s conversas com l\u00edderes do centr\u00e3o.<a href=\"https:\/\/twitter.com\/AbrahamWeint\/status\/1263096892663136256\"><\/a><\/p>\n\n\n\n<p>Diante dos recentes acontecimentos no Congresso e conversando com l\u00edderes do centro, sugiro que o ENEM seja adiado de 30 a 60 dias. Pe\u00e7o que escutem os mais de 4 milh\u00f5es de estudantes j\u00e1 inscritos para a escolha da nova data de aplica\u00e7\u00e3o do exame.<\/p>\n\n\n\n<p>Weintraub j\u00e1 havia anunciado que o\u00a0governo abriria uma consulta direta, pela internet, para que os candidatos inscritos no Enem decidissem a data em que o exame seria realizado. No\u00a0<em>post<\/em>\u00a0publicado hoje, o ministro reitera que a participa\u00e7\u00e3o pode ser feita pela \u201cP\u00e1gina do Participante\u201d, com senhas individuais, no\u00a0<em>site<\/em>\u00a0do @inep_oficial.<\/p>\n\n\n\n<p>\u201cPe\u00e7o que escutem os mais de 4 milh\u00f5es de estudantes j\u00e1 inscritos para a escolha da nova data de aplica\u00e7\u00e3o do exame\u201d, tuitou o ministro. A consulta na P\u00e1gina do Participante est\u00e1 prevista para o fim de junho.<\/p>\n\n\n\n<p>Todos os inscritos poder\u00e3o escolher entre a manuten\u00e7\u00e3o da data das provas, o adiamento e a suspens\u00e3o indefinida do exame deste ano por causa da pandemia de covid-19. As provas do Enem est\u00e3o marcadas para 1\u00ba de novembro (linguagens, c\u00f3digos e suas tecnologias; reda\u00e7\u00e3o; ci\u00eancias humanas e suas tecnologias) e 8 de novembro (ci\u00eancias da natureza e suas tecnologias; matem\u00e1tica e suas tecnologias). Estudantes podem se inscrever no exame, por meio da\u00a0P\u00e1gina do Participante, at\u00e9 sexta-feira (22).<\/p>\n\n\n\n<h4 class=\"wp-block-heading\">Senado<\/h4>\n\n\n\n<p>Ontem (19), o Senado\u00a0aprovou um projeto de lei\u00a0que adia o Enem, devido \u00e0 pandemia do novo coronav\u00edrus (covid-19), com 75 votos favor\u00e1veis e apenas um contr\u00e1rio. O projeto n\u00e3o estabelece novo prazo para a realiza\u00e7\u00e3o das provas, ficando dependente da evolu\u00e7\u00e3o da situa\u00e7\u00e3o epidemiol\u00f3gica. O texto segue para a C\u00e2mara.<\/p>\n\n\n\n<h4 class=\"wp-block-heading\">Justi\u00e7a<\/h4>\n\n\n\n<p>A Justi\u00e7a tamb\u00e9m se manifestou sobre o tema. No dia 18, a Defensoria P\u00fablica da Uni\u00e3o (DPU) entrou com recurso no Tribunal Regional Federal da 3\u00aa Regi\u00e3o pedindo que a decis\u00e3o de manter o exame durante a pandemia do novo coronav\u00edrus seja revista.<\/p>\n\n\n\n<p>Em abril, o \u00f3rg\u00e3o conseguiu uma liminar favor\u00e1vel ao adiamento das datas da prova, mas a medida foi derrubada pelo desembargador Ant\u00f4nio Cedenho, atendendo a pedido da Advocacia-Geral da Uni\u00e3o (AGU).<\/p>\n","protected":false},"excerpt":{"rendered":"<p>O ministro da Educa\u00e7\u00e3o, Abraham Weintraub, sugeriu hoje (20), pelas redes sociais, o adiamento do Exame Nacional do Ensino M\u00e9dio (Enem) por um prazo entre&hellip; <\/p>\n","protected":false},"author":2,"featured_media":170726,"comment_status":"closed","ping_status":"closed","sticky":false,"template":"","format":"standard","meta":{"sfsi_plus_gutenberg_text_before_share":"","sfsi_plus_gutenberg_show_text_before_share":"","sfsi_plus_gutenberg_icon_type":"","sfsi_plus_gutenberg_icon_alignemt":"","sfsi_plus_gutenburg_max_per_row":"","footnotes":""},"categories":[14],"tags":[],"class_list":["post-170725","post","type-post","status-publish","format-standard","has-post-thumbnail","hentry","category-educacao"],"_links":{"self":[{"href":"https:\/\/www.caririemacao.com\/1\/wp-json\/wp\/v2\/posts\/170725","targetHints":{"allow":["GET"]}}],"collection":[{"href":"https:\/\/www.caririemacao.com\/1\/wp-json\/wp\/v2\/posts"}],"about":[{"href":"https:\/\/www.caririemacao.com\/1\/wp-json\/wp\/v2\/types\/post"}],"author":[{"embeddable":true,"href":"https:\/\/www.caririemacao.com\/1\/wp-json\/wp\/v2\/users\/2"}],"replies":[{"embeddable":true,"href":"https:\/\/www.caririemacao.com\/1\/wp-json\/wp\/v2\/comments?post=170725"}],"version-history":[{"count":1,"href":"https:\/\/www.caririemacao.com\/1\/wp-json\/wp\/v2\/posts\/170725\/revisions"}],"predecessor-version":[{"id":170727,"href":"https:\/\/www.caririemacao.com\/1\/wp-json\/wp\/v2\/posts\/170725\/revisions\/170727"}],"wp:featuredmedia":[{"embeddable":true,"href":"https:\/\/www.caririemacao.com\/1\/wp-json\/wp\/v2\/media\/170726"}],"wp:attachment":[{"href":"https:\/\/www.caririemacao.com\/1\/wp-json\/wp\/v2\/media?parent=170725"}],"wp:term":[{"taxonomy":"category","embeddable":true,"href":"https:\/\/www.caririemacao.com\/1\/wp-json\/wp\/v2\/categories?post=170725"},{"taxonomy":"post_tag","embeddable":true,"href":"https:\/\/www.caririemacao.com\/1\/wp-json\/wp\/v2\/tags?post=170725"}],"curies":[{"name":"wp","href":"https:\/\/api.w.org\/{rel}","templated":true}]}}