{"id":170729,"date":"2020-05-21T07:50:01","date_gmt":"2020-05-21T10:50:01","guid":{"rendered":"https:\/\/www.caririemacao.com\/1\/?p=170729"},"modified":"2020-05-21T07:50:01","modified_gmt":"2020-05-21T10:50:01","slug":"policia-militar-recupera-moto-roubada-em-zabele","status":"publish","type":"post","link":"https:\/\/www.caririemacao.com\/1\/2020\/05\/21\/policia-militar-recupera-moto-roubada-em-zabele\/","title":{"rendered":"Pol\u00edcia Militar recupera moto roubada em Zabel\u00ea"},"content":{"rendered":"\n<p>Por volta das 21h37min da quarta-feira (20), a Pol\u00edcia Militar recuperou uma moto Honda CG 150 Fan, cor vermelha. <\/p>\n\n\n\n<p>A mesma consta restri\u00e7\u00e3o de Roubo\/furto e estava abandonada pr\u00f3ximo a cer\u00e2mica sentido Zabel\u00ea. <\/p>\n\n\n\n<p>Nenhum suspeito foi preso, a guarni\u00e7\u00e3o encaminhou a moto para a delegacia de pol\u00edcia civil para serem tomadas as medidas cab\u00edveis.<\/p>\n","protected":false},"excerpt":{"rendered":"<p>Por volta das 21h37min da quarta-feira (20), a Pol\u00edcia Militar recuperou uma moto Honda CG 150 Fan, cor vermelha. A mesma consta restri\u00e7\u00e3o de Roubo\/furto&hellip; <\/p>\n","protected":false},"author":2,"featured_media":170730,"comment_status":"closed","ping_status":"closed","sticky":false,"template":"","format":"standard","meta":{"sfsi_plus_gutenberg_text_before_share":"","sfsi_plus_gutenberg_show_text_before_share":"","sfsi_plus_gutenberg_icon_type":"","sfsi_plus_gutenberg_icon_alignemt":"","sfsi_plus_gutenburg_max_per_row":"","footnotes":""},"categories":[50,12],"tags":[],"class_list":["post-170729","post","type-post","status-publish","format-standard","has-post-thumbnail","hentry","category-destaque","category-policia"],"_links":{"self":[{"href":"https:\/\/www.caririemacao.com\/1\/wp-json\/wp\/v2\/posts\/170729","targetHints":{"allow":["GET"]}}],"collection":[{"href":"https:\/\/www.caririemacao.com\/1\/wp-json\/wp\/v2\/posts"}],"about":[{"href":"https:\/\/www.caririemacao.com\/1\/wp-json\/wp\/v2\/types\/post"}],"author":[{"embeddable":true,"href":"https:\/\/www.caririemacao.com\/1\/wp-json\/wp\/v2\/users\/2"}],"replies":[{"embeddable":true,"href":"https:\/\/www.caririemacao.com\/1\/wp-json\/wp\/v2\/comments?post=170729"}],"version-history":[{"count":1,"href":"https:\/\/www.caririemacao.com\/1\/wp-json\/wp\/v2\/posts\/170729\/revisions"}],"predecessor-version":[{"id":170731,"href":"https:\/\/www.caririemacao.com\/1\/wp-json\/wp\/v2\/posts\/170729\/revisions\/170731"}],"wp:featuredmedia":[{"embeddable":true,"href":"https:\/\/www.caririemacao.com\/1\/wp-json\/wp\/v2\/media\/170730"}],"wp:attachment":[{"href":"https:\/\/www.caririemacao.com\/1\/wp-json\/wp\/v2\/media?parent=170729"}],"wp:term":[{"taxonomy":"category","embeddable":true,"href":"https:\/\/www.caririemacao.com\/1\/wp-json\/wp\/v2\/categories?post=170729"},{"taxonomy":"post_tag","embeddable":true,"href":"https:\/\/www.caririemacao.com\/1\/wp-json\/wp\/v2\/tags?post=170729"}],"curies":[{"name":"wp","href":"https:\/\/api.w.org\/{rel}","templated":true}]}}