{"id":170732,"date":"2020-05-21T08:21:17","date_gmt":"2020-05-21T11:21:17","guid":{"rendered":"https:\/\/www.caririemacao.com\/1\/?p=170732"},"modified":"2020-05-21T08:21:17","modified_gmt":"2020-05-21T11:21:17","slug":"secretaria-de-saude-de-amparo-instala-barreiras-sanitarias-fixas-nas-3-entradas-da-cidade","status":"publish","type":"post","link":"https:\/\/www.caririemacao.com\/1\/2020\/05\/21\/secretaria-de-saude-de-amparo-instala-barreiras-sanitarias-fixas-nas-3-entradas-da-cidade\/","title":{"rendered":"Secretaria de Sa\u00fade de Amparo instala Barreiras Sanit\u00e1rias fixas nas 3 entradas da cidade"},"content":{"rendered":"\n<figure class=\"wp-block-image\"><a href=\"https:\/\/1.bp.blogspot.com\/-Ympx_KhMAsc\/XsXXcZXI8CI\/AAAAAAABNi4\/hYl7h2ZCmAAu4D6quF3zIrqzT5ZubPVjQCLcBGAsYHQ\/s1600\/BARREIRAS%2BSANIT%25C3%2581RIAS%2B%25283333333%2529.jpg\"><img decoding=\"async\" data-src=\"https:\/\/1.bp.blogspot.com\/-Ympx_KhMAsc\/XsXXcZXI8CI\/AAAAAAABNi4\/hYl7h2ZCmAAu4D6quF3zIrqzT5ZubPVjQCLcBGAsYHQ\/s640\/BARREIRAS%2BSANIT%25C3%2581RIAS%2B%25283333333%2529.jpg\" alt=\"\" src=\"data:image\/svg+xml;base64,PHN2ZyB3aWR0aD0iMSIgaGVpZ2h0PSIxIiB4bWxucz0iaHR0cDovL3d3dy53My5vcmcvMjAwMC9zdmciPjwvc3ZnPg==\" class=\"lazyload\" \/><\/a><\/figure>\n\n\n\n<p>A Secretaria de Sa\u00fade de Amparo est\u00e1 intensificando as medidas preventivas sobre a Contamina\u00e7\u00e3o do COVID-19. <\/p>\n\n\n\n<p>Agora a cidade conta com Barreiras nas 3 entradas da cidade, onde funcion\u00e1rios da Sa\u00fade de das demais secretarias municipais que cederam seus funcion\u00e1rios ficar\u00e3o durante todo o dia, todos os dias da semana.<\/p>\n\n\n\n<p><br>A medida visa controlar a entrada das pessoas em nossa cidade, os moradores que vieram at\u00e9 a cidade ter\u00e3o suas m\u00e3os higienizadas pelos ficais nas barreiras.<\/p>\n\n\n\n<p><\/p>\n\n\n\n<p>Na barreira sentido PB-248, est\u00e3o sendo feita aferi\u00e7\u00e3o de temperatura corporal, notada a placa e higieniza\u00e7\u00e3o no ve\u00edculo e dos passageiros.<\/p>\n\n\n\n<p><br>A Equipe da sa\u00fade tamb\u00e9m colocou adesivos nos com\u00e9rcios indicando que s\u00f3 ser\u00e1 permitida entrada com as m\u00e1scaras.<\/p>\n","protected":false},"excerpt":{"rendered":"<p>A Secretaria de Sa\u00fade de Amparo est\u00e1 intensificando as medidas preventivas sobre a Contamina\u00e7\u00e3o do COVID-19. Agora a cidade conta com Barreiras nas 3 entradas&hellip; <\/p>\n","protected":false},"author":2,"featured_media":170733,"comment_status":"closed","ping_status":"closed","sticky":false,"template":"","format":"standard","meta":{"sfsi_plus_gutenberg_text_before_share":"","sfsi_plus_gutenberg_show_text_before_share":"","sfsi_plus_gutenberg_icon_type":"","sfsi_plus_gutenberg_icon_alignemt":"","sfsi_plus_gutenburg_max_per_row":"","footnotes":""},"categories":[6,50],"tags":[],"class_list":["post-170732","post","type-post","status-publish","format-standard","has-post-thumbnail","hentry","category-cidades","category-destaque"],"_links":{"self":[{"href":"https:\/\/www.caririemacao.com\/1\/wp-json\/wp\/v2\/posts\/170732","targetHints":{"allow":["GET"]}}],"collection":[{"href":"https:\/\/www.caririemacao.com\/1\/wp-json\/wp\/v2\/posts"}],"about":[{"href":"https:\/\/www.caririemacao.com\/1\/wp-json\/wp\/v2\/types\/post"}],"author":[{"embeddable":true,"href":"https:\/\/www.caririemacao.com\/1\/wp-json\/wp\/v2\/users\/2"}],"replies":[{"embeddable":true,"href":"https:\/\/www.caririemacao.com\/1\/wp-json\/wp\/v2\/comments?post=170732"}],"version-history":[{"count":1,"href":"https:\/\/www.caririemacao.com\/1\/wp-json\/wp\/v2\/posts\/170732\/revisions"}],"predecessor-version":[{"id":170734,"href":"https:\/\/www.caririemacao.com\/1\/wp-json\/wp\/v2\/posts\/170732\/revisions\/170734"}],"wp:featuredmedia":[{"embeddable":true,"href":"https:\/\/www.caririemacao.com\/1\/wp-json\/wp\/v2\/media\/170733"}],"wp:attachment":[{"href":"https:\/\/www.caririemacao.com\/1\/wp-json\/wp\/v2\/media?parent=170732"}],"wp:term":[{"taxonomy":"category","embeddable":true,"href":"https:\/\/www.caririemacao.com\/1\/wp-json\/wp\/v2\/categories?post=170732"},{"taxonomy":"post_tag","embeddable":true,"href":"https:\/\/www.caririemacao.com\/1\/wp-json\/wp\/v2\/tags?post=170732"}],"curies":[{"name":"wp","href":"https:\/\/api.w.org\/{rel}","templated":true}]}}