{"id":170739,"date":"2020-05-21T08:25:18","date_gmt":"2020-05-21T11:25:18","guid":{"rendered":"https:\/\/www.caririemacao.com\/1\/?p=170739"},"modified":"2020-05-21T08:25:18","modified_gmt":"2020-05-21T11:25:18","slug":"prefeitura-de-amparo-contrata-empresa-para-fazer-desinfeccao-das-ruas-devido-ao-covid-19","status":"publish","type":"post","link":"https:\/\/www.caririemacao.com\/1\/2020\/05\/21\/prefeitura-de-amparo-contrata-empresa-para-fazer-desinfeccao-das-ruas-devido-ao-covid-19\/","title":{"rendered":"Prefeitura de Amparo contrata empresa para fazer desinfec\u00e7\u00e3o das ruas devido ao Covid-19"},"content":{"rendered":"\n<p><a href=\"https:\/\/1.bp.blogspot.com\/-k6J1l0DBPLo\/XsXRAc6HJ5I\/AAAAAAABNec\/XXJrSipqdU8GO6sE6ihxMKw2t4rRKE-8gCLcBGAsYHQ\/s1600\/DESINFEC%25C3%2587%25C3%2583O%2BDAS%2BRUAS%2B%252826%2529.jpg\"><\/a>A Prefeitura de Amparo vem se mostrando cada vez mais preocupada com a sa\u00fade da popula\u00e7\u00e3o, e tendo em vista o aumento nos casos do Covid-19, a gest\u00e3o do Prefeito In\u00e1cio N\u00f3brega contratou uma empresa especializada para fazer a desinfec\u00e7\u00e3o das ruas da cidade.<\/p>\n\n\n\n<p><a href=\"https:\/\/1.bp.blogspot.com\/-D28EKmrXjkY\/XsXRdqJ2Z-I\/AAAAAAABNek\/FcTFgEm2DD8NVEO9qT9rKscx-9Op_241ACLcBGAsYHQ\/s1600\/DESINFEC%25C3%2587%25C3%2583O%2BDAS%2BRUAS%2B%252830%2529.jpg\"><\/a>Todas as cal\u00e7adas e ruas da cidade foram desinfetadas, a empresa utilizou um Carro Pipa para fazer a lavagem principal, al\u00e9m de v\u00e1rios funcion\u00e1rios.<br>A empresa esteve fazendo a desinfec\u00e7\u00e3o durante toda a tarde desta quarta-feira (20) e continuar\u00e1 na quinta-feira (21).<\/p>\n\n\n\n<figure class=\"wp-block-image\"><img decoding=\"async\" data-src=\"https:\/\/1.bp.blogspot.com\/-0coo6xRbf1Q\/XsXTMqVDivI\/AAAAAAABNgM\/b6bouUl-NJE2zznguiWYA5wZiGw9k43BgCLcBGAsYHQ\/s640\/DESINFEC%25C3%2587%25C3%2583O%2BDAS%2BRUAS%2B%25282%2529.jpg\" alt=\"\" src=\"data:image\/svg+xml;base64,PHN2ZyB3aWR0aD0iMSIgaGVpZ2h0PSIxIiB4bWxucz0iaHR0cDovL3d3dy53My5vcmcvMjAwMC9zdmciPjwvc3ZnPg==\" class=\"lazyload\" \/><\/figure>\n\n\n\n<p><a href=\"https:\/\/1.bp.blogspot.com\/-0coo6xRbf1Q\/XsXTMqVDivI\/AAAAAAABNgM\/b6bouUl-NJE2zznguiWYA5wZiGw9k43BgCLcBGAsYHQ\/s1600\/DESINFEC%25C3%2587%25C3%2583O%2BDAS%2BRUAS%2B%25282%2529.jpg\"><\/a><\/p>\n","protected":false},"excerpt":{"rendered":"<p>A Prefeitura de Amparo vem se mostrando cada vez mais preocupada com a sa\u00fade da popula\u00e7\u00e3o, e tendo em vista o aumento nos casos do&hellip; <\/p>\n","protected":false},"author":2,"featured_media":170740,"comment_status":"closed","ping_status":"closed","sticky":false,"template":"","format":"standard","meta":{"sfsi_plus_gutenberg_text_before_share":"","sfsi_plus_gutenberg_show_text_before_share":"","sfsi_plus_gutenberg_icon_type":"","sfsi_plus_gutenberg_icon_alignemt":"","sfsi_plus_gutenburg_max_per_row":"","footnotes":""},"categories":[6],"tags":[],"class_list":["post-170739","post","type-post","status-publish","format-standard","has-post-thumbnail","hentry","category-cidades"],"_links":{"self":[{"href":"https:\/\/www.caririemacao.com\/1\/wp-json\/wp\/v2\/posts\/170739","targetHints":{"allow":["GET"]}}],"collection":[{"href":"https:\/\/www.caririemacao.com\/1\/wp-json\/wp\/v2\/posts"}],"about":[{"href":"https:\/\/www.caririemacao.com\/1\/wp-json\/wp\/v2\/types\/post"}],"author":[{"embeddable":true,"href":"https:\/\/www.caririemacao.com\/1\/wp-json\/wp\/v2\/users\/2"}],"replies":[{"embeddable":true,"href":"https:\/\/www.caririemacao.com\/1\/wp-json\/wp\/v2\/comments?post=170739"}],"version-history":[{"count":1,"href":"https:\/\/www.caririemacao.com\/1\/wp-json\/wp\/v2\/posts\/170739\/revisions"}],"predecessor-version":[{"id":170741,"href":"https:\/\/www.caririemacao.com\/1\/wp-json\/wp\/v2\/posts\/170739\/revisions\/170741"}],"wp:featuredmedia":[{"embeddable":true,"href":"https:\/\/www.caririemacao.com\/1\/wp-json\/wp\/v2\/media\/170740"}],"wp:attachment":[{"href":"https:\/\/www.caririemacao.com\/1\/wp-json\/wp\/v2\/media?parent=170739"}],"wp:term":[{"taxonomy":"category","embeddable":true,"href":"https:\/\/www.caririemacao.com\/1\/wp-json\/wp\/v2\/categories?post=170739"},{"taxonomy":"post_tag","embeddable":true,"href":"https:\/\/www.caririemacao.com\/1\/wp-json\/wp\/v2\/tags?post=170739"}],"curies":[{"name":"wp","href":"https:\/\/api.w.org\/{rel}","templated":true}]}}