{"id":170747,"date":"2020-05-21T10:07:41","date_gmt":"2020-05-21T13:07:41","guid":{"rendered":"https:\/\/www.caririemacao.com\/1\/?p=170747"},"modified":"2020-05-21T10:07:41","modified_gmt":"2020-05-21T13:07:41","slug":"mandetta-bolsonaro-quis-alterar-a-bula-da-cloroquina-para-tratamento-da-covid-19","status":"publish","type":"post","link":"https:\/\/www.caririemacao.com\/1\/2020\/05\/21\/mandetta-bolsonaro-quis-alterar-a-bula-da-cloroquina-para-tratamento-da-covid-19\/","title":{"rendered":"Mandetta: Bolsonaro quis alterar a bula da cloroquina para tratamento da Covid-19"},"content":{"rendered":"\n<p>O ex-ministro da Sa\u00fade, Luiz Henrique Mandetta, afirmou que o presidente Jair Bolsonaro tentou \u2018obrig\u00e1-lo\u2019 a mudar a&nbsp;<strong>bula da cloroquina<\/strong>&nbsp;para o medicamento ser indicado ao&nbsp;<strong>tratamento de pacientes<\/strong>&nbsp;diagnosticados com coronav\u00edrus, mesmo sem comprova\u00e7\u00e3o cient\u00edfica.<\/p>\n\n\n\n<p>\u201cMe pediram para entrar numa sala e estavam l\u00e1 um m\u00e9dico anestesista e uma m\u00e9dica imunologista. [\u2026] E a ideia que eles tinham era de alterar a bula do medicamento na Anvisa, colocando na bula indica\u00e7\u00e3o para Covid\u201d, afirmou Mandetta.<\/p>\n\n\n\n<p>A cloroquina ganhou destaque no notici\u00e1rio nacional, ap\u00f3s ser defendida por Bolsonaro. A Apsen \u00e9 a empresa farmac\u00eautica respons\u00e1vel pela produ\u00e7\u00e3o do rem\u00e9dio composto por hidroxicloroquina tem como dono um eleitor bolsonarista, o empres\u00e1rio Renato Spallicci.<\/p>\n\n\n\n<p>A den\u00fancia de Mandetta aumenta ainda mais a press\u00e3o em cima de Bolsonaro. Ele j\u00e1 descumpriu recomenda\u00e7\u00f5es da Organiza\u00e7\u00e3o Mundial da Sa\u00fade (OMS), ao comparecer a manifesta\u00e7\u00f5es de rua, enquanto a entidade pede que as pessoas evitem aglomera\u00e7\u00f5es para diminuir a propaga\u00e7\u00e3o do coronav\u00edrus.<\/p>\n\n\n\n<p>Na tentativa de atender ao lobby empresarial, Bolsonaro tamb\u00e9m pediu a reabertura de algumas atividades econ\u00f4micas. J\u00e1 Mandetta deixou o cargo por discord\u00e2ncias sobre o gerenciamento da crise da Covid-19. Diferentemente do seu ex-chefe, o ex-ministro defendia o isolamento social como uma das principais medidas de combate \u00e0 doen\u00e7a.<\/p>\n\n\n\n<p>De acordo com a plataforma Worldometers, que disponibiliza o ranking mundial dos casos da Covid-19, o Brasil ocupa a terceira posi\u00e7\u00e3o, com 293 mil confirma\u00e7\u00f5es, atr\u00e1s dos Estados Unidos (1,5 milh\u00e3o) e da R\u00fassia (317 mil). Os brasileiros tamb\u00e9m ficam em sexto lugar no ranking de mortes provocadas pela doen\u00e7a (18,8 mil).<\/p>\n\n\n\n<p>Em n\u00edvel global s\u00e3o pelo menos 5,1 milh\u00f5es de infectados e 330 mil mortos pela doen\u00e7a.<\/p>\n","protected":false},"excerpt":{"rendered":"<p>O ex-ministro da Sa\u00fade, Luiz Henrique Mandetta, afirmou que o presidente Jair Bolsonaro tentou \u2018obrig\u00e1-lo\u2019 a mudar a&nbsp;bula da cloroquina&nbsp;para o medicamento ser indicado ao&nbsp;tratamento&hellip; <\/p>\n","protected":false},"author":2,"featured_media":164346,"comment_status":"closed","ping_status":"closed","sticky":false,"template":"","format":"standard","meta":{"sfsi_plus_gutenberg_text_before_share":"","sfsi_plus_gutenberg_show_text_before_share":"","sfsi_plus_gutenberg_icon_type":"","sfsi_plus_gutenberg_icon_alignemt":"","sfsi_plus_gutenburg_max_per_row":"","footnotes":""},"categories":[50,11],"tags":[],"class_list":["post-170747","post","type-post","status-publish","format-standard","has-post-thumbnail","hentry","category-destaque","category-politica"],"_links":{"self":[{"href":"https:\/\/www.caririemacao.com\/1\/wp-json\/wp\/v2\/posts\/170747","targetHints":{"allow":["GET"]}}],"collection":[{"href":"https:\/\/www.caririemacao.com\/1\/wp-json\/wp\/v2\/posts"}],"about":[{"href":"https:\/\/www.caririemacao.com\/1\/wp-json\/wp\/v2\/types\/post"}],"author":[{"embeddable":true,"href":"https:\/\/www.caririemacao.com\/1\/wp-json\/wp\/v2\/users\/2"}],"replies":[{"embeddable":true,"href":"https:\/\/www.caririemacao.com\/1\/wp-json\/wp\/v2\/comments?post=170747"}],"version-history":[{"count":1,"href":"https:\/\/www.caririemacao.com\/1\/wp-json\/wp\/v2\/posts\/170747\/revisions"}],"predecessor-version":[{"id":170748,"href":"https:\/\/www.caririemacao.com\/1\/wp-json\/wp\/v2\/posts\/170747\/revisions\/170748"}],"wp:featuredmedia":[{"embeddable":true,"href":"https:\/\/www.caririemacao.com\/1\/wp-json\/wp\/v2\/media\/164346"}],"wp:attachment":[{"href":"https:\/\/www.caririemacao.com\/1\/wp-json\/wp\/v2\/media?parent=170747"}],"wp:term":[{"taxonomy":"category","embeddable":true,"href":"https:\/\/www.caririemacao.com\/1\/wp-json\/wp\/v2\/categories?post=170747"},{"taxonomy":"post_tag","embeddable":true,"href":"https:\/\/www.caririemacao.com\/1\/wp-json\/wp\/v2\/tags?post=170747"}],"curies":[{"name":"wp","href":"https:\/\/api.w.org\/{rel}","templated":true}]}}