{"id":170759,"date":"2020-05-21T12:11:07","date_gmt":"2020-05-21T15:11:07","guid":{"rendered":"https:\/\/www.caririemacao.com\/1\/?p=170759"},"modified":"2020-05-21T12:32:57","modified_gmt":"2020-05-21T15:32:57","slug":"presidente-da-camara-de-caraubas-solicita-adicional-aos-profissionais-de-saude-do-municipio","status":"publish","type":"post","link":"https:\/\/www.caririemacao.com\/1\/2020\/05\/21\/presidente-da-camara-de-caraubas-solicita-adicional-aos-profissionais-de-saude-do-municipio\/","title":{"rendered":"Presidente da C\u00e2mara de Cara\u00fabas solicita adicional para os profissionais da sa\u00fade do munic\u00edpio"},"content":{"rendered":"\n<p>O presidente da C\u00e2mara de Vereadores do munic\u00edpio de Cara\u00fabas, Jos\u00e9 Franco Nero, encaminhou um of\u00edcio de n\u00b0 04\/2020 ao prefeito Jos\u00e9 Silvano, na manh\u00e3 desta quinta-feira, 21. <\/p>\n\n\n\n<p>O texto do of\u00edcio trata de um pedido para que seja feito um Projeto de Lei concedendo a gratifica\u00e7\u00e3o,<br>de forma justa e satisfat\u00f3ria para os profissionais da \u00e1rea da sa\u00fade do munic\u00edpio. <\/p>\n\n\n\n<p>Profissionais que vem desempenhando um importante papel no munic\u00edpio no combate a pandemia do novo coronavirus. <\/p>\n","protected":false},"excerpt":{"rendered":"<p>O presidente da C\u00e2mara de Vereadores do munic\u00edpio de Cara\u00fabas, Jos\u00e9 Franco Nero, encaminhou um of\u00edcio de n\u00b0 04\/2020 ao prefeito Jos\u00e9 Silvano, na manh\u00e3&hellip; <\/p>\n","protected":false},"author":1,"featured_media":170761,"comment_status":"closed","ping_status":"closed","sticky":false,"template":"","format":"standard","meta":{"sfsi_plus_gutenberg_text_before_share":"","sfsi_plus_gutenberg_show_text_before_share":"","sfsi_plus_gutenberg_icon_type":"","sfsi_plus_gutenberg_icon_alignemt":"","sfsi_plus_gutenburg_max_per_row":"","footnotes":""},"categories":[6,50],"tags":[],"class_list":["post-170759","post","type-post","status-publish","format-standard","has-post-thumbnail","hentry","category-cidades","category-destaque"],"_links":{"self":[{"href":"https:\/\/www.caririemacao.com\/1\/wp-json\/wp\/v2\/posts\/170759","targetHints":{"allow":["GET"]}}],"collection":[{"href":"https:\/\/www.caririemacao.com\/1\/wp-json\/wp\/v2\/posts"}],"about":[{"href":"https:\/\/www.caririemacao.com\/1\/wp-json\/wp\/v2\/types\/post"}],"author":[{"embeddable":true,"href":"https:\/\/www.caririemacao.com\/1\/wp-json\/wp\/v2\/users\/1"}],"replies":[{"embeddable":true,"href":"https:\/\/www.caririemacao.com\/1\/wp-json\/wp\/v2\/comments?post=170759"}],"version-history":[{"count":4,"href":"https:\/\/www.caririemacao.com\/1\/wp-json\/wp\/v2\/posts\/170759\/revisions"}],"predecessor-version":[{"id":170766,"href":"https:\/\/www.caririemacao.com\/1\/wp-json\/wp\/v2\/posts\/170759\/revisions\/170766"}],"wp:featuredmedia":[{"embeddable":true,"href":"https:\/\/www.caririemacao.com\/1\/wp-json\/wp\/v2\/media\/170761"}],"wp:attachment":[{"href":"https:\/\/www.caririemacao.com\/1\/wp-json\/wp\/v2\/media?parent=170759"}],"wp:term":[{"taxonomy":"category","embeddable":true,"href":"https:\/\/www.caririemacao.com\/1\/wp-json\/wp\/v2\/categories?post=170759"},{"taxonomy":"post_tag","embeddable":true,"href":"https:\/\/www.caririemacao.com\/1\/wp-json\/wp\/v2\/tags?post=170759"}],"curies":[{"name":"wp","href":"https:\/\/api.w.org\/{rel}","templated":true}]}}