{"id":170772,"date":"2020-05-21T12:43:38","date_gmt":"2020-05-21T15:43:38","guid":{"rendered":"https:\/\/www.caririemacao.com\/1\/?p=170772"},"modified":"2020-05-21T12:43:38","modified_gmt":"2020-05-21T15:43:38","slug":"paraiba-nao-segue-protocolo-liberado-pelo-ministerio-da-saude-sobre-a-cloroquina","status":"publish","type":"post","link":"https:\/\/www.caririemacao.com\/1\/2020\/05\/21\/paraiba-nao-segue-protocolo-liberado-pelo-ministerio-da-saude-sobre-a-cloroquina\/","title":{"rendered":"Para\u00edba n\u00e3o segue protocolo liberado pelo Minist\u00e9rio da Sa\u00fade sobre a cloroquina"},"content":{"rendered":"\n<h1 class=\"wp-block-heading\"><\/h1>\n\n\n\n<p>O secret\u00e1rio estadual de Sa\u00fade, Geraldo Medeiros, afirmou em entrevista concedida \u00e0 imprensa nessa quarta-feira (20), que a Para\u00edba s\u00f3 dever\u00e1 seguir o uso da cloroquina e da hidroxicloroquina quando receber os resultados efetivos nos casos de Covid-19.<\/p>\n\n\n\n<p>\u00c9 que o Minist\u00e9rio da Sa\u00fade divulgou ontem o protocolo que libera no SUS o uso desses medicamentos at\u00e9 para casos leves de Covid-19. At\u00e9 ent\u00e3o, o protocolo previa os rem\u00e9dios para casos graves.<\/p>\n\n\n\n<p>Contudo, n\u00e3o h\u00e1 comprova\u00e7\u00e3o cient\u00edfica de que a cloroquina \u00e9 capaz de curar a Covid-19. Estudos internacionais n\u00e3o encontraram efic\u00e1cia no rem\u00e9dio, e a Sociedade Brasileira de Infectologia n\u00e3o recomenda o uso.<\/p>\n\n\n\n<p>Conforme Medeiros, na Para\u00edba, por enquanto, n\u00e3o haver\u00e1 nenhuma modifica\u00e7\u00e3o e que o Estado persiste no cumprimento dos estudos do corpo t\u00e9cnico da Secretaria Estadual de Sa\u00fade.<\/p>\n\n\n\n<p>\u201cEle tem estudado minuciosamente os in\u00fameros trabalhos que est\u00e3o sendo divulgados na literatura. H\u00e1 uma grande entrevista na Revista New England Journal of Medicine, na qual mostra justamente que a hidroxicloroquina associada \u00e0 azitromicina n\u00e3o tem nenhum efeito sobre o coronav\u00edrus\u201d, disse.<\/p>\n\n\n\n<p>O secret\u00e1rio atesta ainda que h\u00e1 outros in\u00fameros trabalhos que n\u00e3o mostram evid\u00eancias cient\u00edficas comprovadas e que a seguran\u00e7a do paciente \u00e9 essencial. \u201cN\u00f3s n\u00e3o temos essa seguran\u00e7a com a utiliza\u00e7\u00e3o da hidroxicloroquina\u201d.<\/p>\n","protected":false},"excerpt":{"rendered":"<p>O secret\u00e1rio estadual de Sa\u00fade, Geraldo Medeiros, afirmou em entrevista concedida \u00e0 imprensa nessa quarta-feira (20), que a Para\u00edba s\u00f3 dever\u00e1 seguir o uso da&hellip; <\/p>\n","protected":false},"author":2,"featured_media":170773,"comment_status":"closed","ping_status":"closed","sticky":false,"template":"","format":"standard","meta":{"sfsi_plus_gutenberg_text_before_share":"","sfsi_plus_gutenberg_show_text_before_share":"","sfsi_plus_gutenberg_icon_type":"","sfsi_plus_gutenberg_icon_alignemt":"","sfsi_plus_gutenburg_max_per_row":"","footnotes":""},"categories":[2],"tags":[],"class_list":["post-170772","post","type-post","status-publish","format-standard","has-post-thumbnail","hentry","category-geral"],"_links":{"self":[{"href":"https:\/\/www.caririemacao.com\/1\/wp-json\/wp\/v2\/posts\/170772","targetHints":{"allow":["GET"]}}],"collection":[{"href":"https:\/\/www.caririemacao.com\/1\/wp-json\/wp\/v2\/posts"}],"about":[{"href":"https:\/\/www.caririemacao.com\/1\/wp-json\/wp\/v2\/types\/post"}],"author":[{"embeddable":true,"href":"https:\/\/www.caririemacao.com\/1\/wp-json\/wp\/v2\/users\/2"}],"replies":[{"embeddable":true,"href":"https:\/\/www.caririemacao.com\/1\/wp-json\/wp\/v2\/comments?post=170772"}],"version-history":[{"count":1,"href":"https:\/\/www.caririemacao.com\/1\/wp-json\/wp\/v2\/posts\/170772\/revisions"}],"predecessor-version":[{"id":170774,"href":"https:\/\/www.caririemacao.com\/1\/wp-json\/wp\/v2\/posts\/170772\/revisions\/170774"}],"wp:featuredmedia":[{"embeddable":true,"href":"https:\/\/www.caririemacao.com\/1\/wp-json\/wp\/v2\/media\/170773"}],"wp:attachment":[{"href":"https:\/\/www.caririemacao.com\/1\/wp-json\/wp\/v2\/media?parent=170772"}],"wp:term":[{"taxonomy":"category","embeddable":true,"href":"https:\/\/www.caririemacao.com\/1\/wp-json\/wp\/v2\/categories?post=170772"},{"taxonomy":"post_tag","embeddable":true,"href":"https:\/\/www.caririemacao.com\/1\/wp-json\/wp\/v2\/tags?post=170772"}],"curies":[{"name":"wp","href":"https:\/\/api.w.org\/{rel}","templated":true}]}}