{"id":170776,"date":"2020-05-21T12:48:50","date_gmt":"2020-05-21T15:48:50","guid":{"rendered":"https:\/\/www.caririemacao.com\/1\/?p=170776"},"modified":"2020-05-21T12:48:50","modified_gmt":"2020-05-21T15:48:50","slug":"justica-proibe-fila-unica-nos-hospitais-para-o-covid-19-na-paraiba","status":"publish","type":"post","link":"https:\/\/www.caririemacao.com\/1\/2020\/05\/21\/justica-proibe-fila-unica-nos-hospitais-para-o-covid-19-na-paraiba\/","title":{"rendered":"Justi\u00e7a pro\u00edbe fila \u00fanica nos hospitais para o covid-19 na Para\u00edba"},"content":{"rendered":"\n<h1 class=\"wp-block-heading\"><\/h1>\n\n\n\n<p>A Justi\u00e7a paraibana concedeu tutela de urg\u00eancia para isentar a Unimed Jo\u00e3o Pessoa do cumprimento da Lei Estadual n\u00ba 11.686\/2020, que obrigava os Planos de Sa\u00fade e os Hospitais Particulares, em geral, a atenderem os acometidos da Covid-19, independente de serem segurados dos planos de sa\u00fade e mesmo que os hospitais n\u00e3o sejam conveniados ao SUS.<\/p>\n\n\n\n<p>Para a decis\u00e3o, a Lei Estadual \u00e9 inconstitucional, pois estaria legislando sobre mat\u00e9rias de compet\u00eancia da Uni\u00e3o, al\u00e9m do que se constitui em uma interven\u00e7\u00e3o estatal na atividade econ\u00f4mica, o que viola o princ\u00edpio constitucional da livre iniciativa. Destacou, ainda, que \u201co Poder P\u00fablico, em qualquer de suas esferas, por anos a fio nunca dedicou a aten\u00e7\u00e3o devida \u00e0 sa\u00fade p\u00fablica desta sofrida Na\u00e7\u00e3o. Agora, na hora de intensa dor, quer o poder p\u00fablico jogar parte dessa conta nas costas da iniciativa privada\u201d.<\/p>\n\n\n\n<p>O advogado Jaldemiro Rodrigues Ata\u00edde,&nbsp;s\u00f3cio do escrit\u00f3rio N\u00f3brega Farias Advogados, que patrocina os interesses da Unimed-JP, pontuou que \u201cembora estejamos vivenciado um momento de grave crise causado pelo novo Coronav\u00edrus, o Judici\u00e1rio deve coibir leis estaduais como ora em quest\u00e3o, que invadem a compet\u00eancia da Uni\u00e3o, conforme pac\u00edfica jurisprud\u00eancia do STF\u201d. O Procurador Geral do Estado da Para\u00edba, F\u00e1bio Andrade informou que ir\u00e1 recorrer da decis\u00e3o.<\/p>\n\n\n\n<figure class=\"wp-block-image\"><img decoding=\"async\" data-src=\"https:\/\/www.clickpb.com.br\/media\/filer_public\/3b\/bf\/3bbf8040-07bb-45c0-8950-ffafc266b182\/advogado_unimed.jpeg\" alt=\"\" src=\"data:image\/svg+xml;base64,PHN2ZyB3aWR0aD0iMSIgaGVpZ2h0PSIxIiB4bWxucz0iaHR0cDovL3d3dy53My5vcmcvMjAwMC9zdmciPjwvc3ZnPg==\" class=\"lazyload\" \/><\/figure>\n","protected":false},"excerpt":{"rendered":"<p>A Justi\u00e7a paraibana concedeu tutela de urg\u00eancia para isentar a Unimed Jo\u00e3o Pessoa do cumprimento da Lei Estadual n\u00ba 11.686\/2020, que obrigava os Planos de&hellip; <\/p>\n","protected":false},"author":2,"featured_media":170777,"comment_status":"closed","ping_status":"closed","sticky":false,"template":"","format":"standard","meta":{"sfsi_plus_gutenberg_text_before_share":"","sfsi_plus_gutenberg_show_text_before_share":"","sfsi_plus_gutenberg_icon_type":"","sfsi_plus_gutenberg_icon_alignemt":"","sfsi_plus_gutenburg_max_per_row":"","footnotes":""},"categories":[2],"tags":[],"class_list":["post-170776","post","type-post","status-publish","format-standard","has-post-thumbnail","hentry","category-geral"],"_links":{"self":[{"href":"https:\/\/www.caririemacao.com\/1\/wp-json\/wp\/v2\/posts\/170776","targetHints":{"allow":["GET"]}}],"collection":[{"href":"https:\/\/www.caririemacao.com\/1\/wp-json\/wp\/v2\/posts"}],"about":[{"href":"https:\/\/www.caririemacao.com\/1\/wp-json\/wp\/v2\/types\/post"}],"author":[{"embeddable":true,"href":"https:\/\/www.caririemacao.com\/1\/wp-json\/wp\/v2\/users\/2"}],"replies":[{"embeddable":true,"href":"https:\/\/www.caririemacao.com\/1\/wp-json\/wp\/v2\/comments?post=170776"}],"version-history":[{"count":1,"href":"https:\/\/www.caririemacao.com\/1\/wp-json\/wp\/v2\/posts\/170776\/revisions"}],"predecessor-version":[{"id":170778,"href":"https:\/\/www.caririemacao.com\/1\/wp-json\/wp\/v2\/posts\/170776\/revisions\/170778"}],"wp:featuredmedia":[{"embeddable":true,"href":"https:\/\/www.caririemacao.com\/1\/wp-json\/wp\/v2\/media\/170777"}],"wp:attachment":[{"href":"https:\/\/www.caririemacao.com\/1\/wp-json\/wp\/v2\/media?parent=170776"}],"wp:term":[{"taxonomy":"category","embeddable":true,"href":"https:\/\/www.caririemacao.com\/1\/wp-json\/wp\/v2\/categories?post=170776"},{"taxonomy":"post_tag","embeddable":true,"href":"https:\/\/www.caririemacao.com\/1\/wp-json\/wp\/v2\/tags?post=170776"}],"curies":[{"name":"wp","href":"https:\/\/api.w.org\/{rel}","templated":true}]}}