{"id":170780,"date":"2020-05-21T12:51:32","date_gmt":"2020-05-21T15:51:32","guid":{"rendered":"https:\/\/www.caririemacao.com\/1\/?p=170780"},"modified":"2020-05-21T12:51:32","modified_gmt":"2020-05-21T15:51:32","slug":"casos-de-covid-19-no-mundo-ultrapassam-5-milhoes","status":"publish","type":"post","link":"https:\/\/www.caririemacao.com\/1\/2020\/05\/21\/casos-de-covid-19-no-mundo-ultrapassam-5-milhoes\/","title":{"rendered":"Casos de covid-19 no mundo ultrapassam 5 milh\u00f5es"},"content":{"rendered":"\n<h2 class=\"wp-block-heading\"><\/h2>\n\n\n\n<p>Os casos de coronav\u00edrus no mundo superaram a marca de 5 milh\u00f5es nessa quarta-feira (20), com a Am\u00e9rica Latina ultrapassando os Estados Unidos e a Europa na \u00faltima semana, ao registrar a maior parcela de novos casos di\u00e1rios globalmente.<\/p>\n\n\n\n<p>Isso representa nova fase na dissemina\u00e7\u00e3o do v\u00edrus, que atingiu o auge primeiramente na China em fevereiro, antes de surtos em grande escala na Europa e nos Estados Unidos.<\/p>\n\n\n\n<p>A Am\u00e9rica Latina representou cerca de um ter\u00e7o dos 91 mil casos relatados no in\u00edcio desta semana. A Europa e os Estados Unidos foram respons\u00e1veis por pouco mais de 20% cada.<\/p>\n\n\n\n<p>Grande parte dos novos casos ocorreu no Brasil, que recentemente superou a Alemanha, Fran\u00e7a e o Reino Unido, tornando-se o terceiro pa\u00eds com maior n\u00famero de casos no mundo, atr\u00e1s dos Estados Unidos e da R\u00fassia.<\/p>\n\n\n\n<p>Os casos no Brasil est\u00e3o aumentando a um ritmo di\u00e1rio que o coloca em segundo lugar em termos de velocidade da pandemia, perdendo apenas para os Estados Unidos.<\/p>\n\n\n\n<p>Os primeiros 41 casos de coronav\u00edrus no mundo foram confirmados em Wuhan, na China, em 10 de janeiro, que demorou at\u00e9 1\u00ba de abril para atingir o primeiro milh\u00e3o de casos. Desde ent\u00e3o, cerca de 1 milh\u00e3o de novos casos s\u00e3o relatados a cada duas semanas, de acordo com contagem da Reuters.<\/p>\n\n\n\n<p>Com mais de 5 milh\u00f5es de casos, o v\u00edrus infectou mais pessoas em menos de seis meses do que o total anual de casos graves de gripe, que a Organiza\u00e7\u00e3o Mundial da Sa\u00fade (OMS) estima em torno de 3 milh\u00f5es a 5 milh\u00f5es em todo o mundo.<\/p>\n\n\n\n<p>A pandemia j\u00e1 matou mais de 326 mil pessoas, embora o n\u00famero real possa ser maior, j\u00e1 que os testes ainda s\u00e3o limitados e muitos pa\u00edses n\u00e3o incluem mortes fora dos hospitais nas contas oficiais. Mais da metade do total de mortes foram registradas na Europa.<\/p>\n\n\n\n<p>Apesar do aumento cont\u00ednuo de casos, muitos pa\u00edses est\u00e3o abrindo escolas e locais de trabalho ap\u00f3s semanas de isolamento para conter a dissemina\u00e7\u00e3o. Os mercados financeiros tamb\u00e9m foram levemente impulsionados por resultados iniciais promissores do primeiro teste de vacina em seres humanos nos EUA.<\/p>\n","protected":false},"excerpt":{"rendered":"<p>Os casos de coronav\u00edrus no mundo superaram a marca de 5 milh\u00f5es nessa quarta-feira (20), com a Am\u00e9rica Latina ultrapassando os Estados Unidos e a&hellip; <\/p>\n","protected":false},"author":2,"featured_media":170781,"comment_status":"closed","ping_status":"closed","sticky":false,"template":"","format":"standard","meta":{"sfsi_plus_gutenberg_text_before_share":"","sfsi_plus_gutenberg_show_text_before_share":"","sfsi_plus_gutenberg_icon_type":"","sfsi_plus_gutenberg_icon_alignemt":"","sfsi_plus_gutenburg_max_per_row":"","footnotes":""},"categories":[16],"tags":[],"class_list":["post-170780","post","type-post","status-publish","format-standard","has-post-thumbnail","hentry","category-saude"],"_links":{"self":[{"href":"https:\/\/www.caririemacao.com\/1\/wp-json\/wp\/v2\/posts\/170780","targetHints":{"allow":["GET"]}}],"collection":[{"href":"https:\/\/www.caririemacao.com\/1\/wp-json\/wp\/v2\/posts"}],"about":[{"href":"https:\/\/www.caririemacao.com\/1\/wp-json\/wp\/v2\/types\/post"}],"author":[{"embeddable":true,"href":"https:\/\/www.caririemacao.com\/1\/wp-json\/wp\/v2\/users\/2"}],"replies":[{"embeddable":true,"href":"https:\/\/www.caririemacao.com\/1\/wp-json\/wp\/v2\/comments?post=170780"}],"version-history":[{"count":1,"href":"https:\/\/www.caririemacao.com\/1\/wp-json\/wp\/v2\/posts\/170780\/revisions"}],"predecessor-version":[{"id":170782,"href":"https:\/\/www.caririemacao.com\/1\/wp-json\/wp\/v2\/posts\/170780\/revisions\/170782"}],"wp:featuredmedia":[{"embeddable":true,"href":"https:\/\/www.caririemacao.com\/1\/wp-json\/wp\/v2\/media\/170781"}],"wp:attachment":[{"href":"https:\/\/www.caririemacao.com\/1\/wp-json\/wp\/v2\/media?parent=170780"}],"wp:term":[{"taxonomy":"category","embeddable":true,"href":"https:\/\/www.caririemacao.com\/1\/wp-json\/wp\/v2\/categories?post=170780"},{"taxonomy":"post_tag","embeddable":true,"href":"https:\/\/www.caririemacao.com\/1\/wp-json\/wp\/v2\/tags?post=170780"}],"curies":[{"name":"wp","href":"https:\/\/api.w.org\/{rel}","templated":true}]}}