{"id":170784,"date":"2020-05-21T12:58:37","date_gmt":"2020-05-21T15:58:37","guid":{"rendered":"https:\/\/www.caririemacao.com\/1\/?p=170784"},"modified":"2020-05-21T12:58:37","modified_gmt":"2020-05-21T15:58:37","slug":"sou-do-campo-a-importancia-da-agricultura-familiar-nesse-periodo-de-pandemia","status":"publish","type":"post","link":"https:\/\/www.caririemacao.com\/1\/2020\/05\/21\/sou-do-campo-a-importancia-da-agricultura-familiar-nesse-periodo-de-pandemia\/","title":{"rendered":"Sou do Campo: A import\u00e2ncia da agricultura familiar nesse per\u00edodo de pandemia"},"content":{"rendered":"\n<h1 class=\"wp-block-heading\"><\/h1>\n\n\n\n<p>No quadro \u201cSou do Campo\u201d, do programa \u201cConex\u00e3o Caturit\u00e9\u201d, o engenheiro agr\u00f4nomo, zootecnista e extensionista rural da Empaer, Everton Bronzeado, falou sobre a import\u00e2ncia da agricultura familiar nesse per\u00edodo de pandemia.<\/p>\n\n\n\n<p>O programa \u00e9 l\u00edder em audi\u00eancia no hor\u00e1rio do almo\u00e7o, em Campina Grande.<\/p>\n","protected":false},"excerpt":{"rendered":"<p>No quadro \u201cSou do Campo\u201d, do programa \u201cConex\u00e3o Caturit\u00e9\u201d, o engenheiro agr\u00f4nomo, zootecnista e extensionista rural da Empaer, Everton Bronzeado, falou sobre a import\u00e2ncia da&hellip; <\/p>\n","protected":false},"author":2,"featured_media":170785,"comment_status":"closed","ping_status":"closed","sticky":false,"template":"","format":"standard","meta":{"sfsi_plus_gutenberg_text_before_share":"","sfsi_plus_gutenberg_show_text_before_share":"","sfsi_plus_gutenberg_icon_type":"","sfsi_plus_gutenberg_icon_alignemt":"","sfsi_plus_gutenburg_max_per_row":"","footnotes":""},"categories":[2],"tags":[],"class_list":["post-170784","post","type-post","status-publish","format-standard","has-post-thumbnail","hentry","category-geral"],"_links":{"self":[{"href":"https:\/\/www.caririemacao.com\/1\/wp-json\/wp\/v2\/posts\/170784","targetHints":{"allow":["GET"]}}],"collection":[{"href":"https:\/\/www.caririemacao.com\/1\/wp-json\/wp\/v2\/posts"}],"about":[{"href":"https:\/\/www.caririemacao.com\/1\/wp-json\/wp\/v2\/types\/post"}],"author":[{"embeddable":true,"href":"https:\/\/www.caririemacao.com\/1\/wp-json\/wp\/v2\/users\/2"}],"replies":[{"embeddable":true,"href":"https:\/\/www.caririemacao.com\/1\/wp-json\/wp\/v2\/comments?post=170784"}],"version-history":[{"count":1,"href":"https:\/\/www.caririemacao.com\/1\/wp-json\/wp\/v2\/posts\/170784\/revisions"}],"predecessor-version":[{"id":170786,"href":"https:\/\/www.caririemacao.com\/1\/wp-json\/wp\/v2\/posts\/170784\/revisions\/170786"}],"wp:featuredmedia":[{"embeddable":true,"href":"https:\/\/www.caririemacao.com\/1\/wp-json\/wp\/v2\/media\/170785"}],"wp:attachment":[{"href":"https:\/\/www.caririemacao.com\/1\/wp-json\/wp\/v2\/media?parent=170784"}],"wp:term":[{"taxonomy":"category","embeddable":true,"href":"https:\/\/www.caririemacao.com\/1\/wp-json\/wp\/v2\/categories?post=170784"},{"taxonomy":"post_tag","embeddable":true,"href":"https:\/\/www.caririemacao.com\/1\/wp-json\/wp\/v2\/tags?post=170784"}],"curies":[{"name":"wp","href":"https:\/\/api.w.org\/{rel}","templated":true}]}}