{"id":170792,"date":"2020-05-21T13:06:36","date_gmt":"2020-05-21T16:06:36","guid":{"rendered":"https:\/\/www.caririemacao.com\/1\/?p=170792"},"modified":"2020-05-21T13:07:47","modified_gmt":"2020-05-21T16:07:47","slug":"aplicativo-disponibiliza-vagas-de-emprego-em-todo-o-pais","status":"publish","type":"post","link":"https:\/\/www.caririemacao.com\/1\/2020\/05\/21\/aplicativo-disponibiliza-vagas-de-emprego-em-todo-o-pais\/","title":{"rendered":"Aplicativo disponibiliza vagas de emprego em todo o pa\u00eds"},"content":{"rendered":"\n<h1 class=\"wp-block-heading\"><\/h1>\n\n\n\n<p>A escassez de oportunidades no Brasil tem preocupado a popula\u00e7\u00e3o, que neste tempo de pandemia tem sofrido cada vez mais com o desemprego. Entretanto, uma empresa desenvolveu um aplicativo que lista vagas de empregos em todo o territ\u00f3rio brasileiro, com a disponibiliza\u00e7\u00e3o de mais de 4 mil vagas, em sua maioria para a regi\u00e3o Nordeste.<\/p>\n\n\n\n<p>De acordo com S\u00e9rgio Barreto, CEO da Abrafarma, o aplicativo \u201cVagas no Varejo\u201d foi idealizado como forma de apresentar uma alternativa para o mercado, pois, segundo ele, nestes tempos de pandemia e demiss\u00f5es em massa, observou-se que o setor varejista tem tomado for\u00e7a na economia.<\/p>\n\n\n\n<p>\u2013 A gente come\u00e7ou com a perspectiva de 4 mil vagas, e uma grande rede de supermercados vai acrescentar mais mil vagas nos pr\u00f3ximos dias. N\u00f3s idealizamos o aplicativo e em quinze dias ele j\u00e1 estava no ar \u2013 afirmou.<\/p>\n\n\n\n<p>S\u00e9rgio ressaltou que o \u201cVagas no Varejo\u201d est\u00e1 em funcionamento desde o dia 1\u00ba de maio, \u00e9 gratuito e pode ser baixado em plataformas do sistema android e IOS, e acrescentou que s\u00f3 na Para\u00edba o aplicativo apresenta cerca de 33 vagas de emprego.<\/p>\n\n\n\n<p>\u2013 \u00c9 um processo seletivo que come\u00e7a no aplicativo, a empresa analisa o perfil e entra em contato para fazer a entrevista e realizar todo o processo \u2013 explicou.<\/p>\n","protected":false},"excerpt":{"rendered":"<p>A escassez de oportunidades no Brasil tem preocupado a popula\u00e7\u00e3o, que neste tempo de pandemia tem sofrido cada vez mais com o desemprego. Entretanto, uma&hellip; <\/p>\n","protected":false},"author":2,"featured_media":170793,"comment_status":"closed","ping_status":"closed","sticky":false,"template":"","format":"standard","meta":{"sfsi_plus_gutenberg_text_before_share":"","sfsi_plus_gutenberg_show_text_before_share":"","sfsi_plus_gutenberg_icon_type":"","sfsi_plus_gutenberg_icon_alignemt":"","sfsi_plus_gutenburg_max_per_row":"","footnotes":""},"categories":[50,2],"tags":[],"class_list":["post-170792","post","type-post","status-publish","format-standard","has-post-thumbnail","hentry","category-destaque","category-geral"],"_links":{"self":[{"href":"https:\/\/www.caririemacao.com\/1\/wp-json\/wp\/v2\/posts\/170792","targetHints":{"allow":["GET"]}}],"collection":[{"href":"https:\/\/www.caririemacao.com\/1\/wp-json\/wp\/v2\/posts"}],"about":[{"href":"https:\/\/www.caririemacao.com\/1\/wp-json\/wp\/v2\/types\/post"}],"author":[{"embeddable":true,"href":"https:\/\/www.caririemacao.com\/1\/wp-json\/wp\/v2\/users\/2"}],"replies":[{"embeddable":true,"href":"https:\/\/www.caririemacao.com\/1\/wp-json\/wp\/v2\/comments?post=170792"}],"version-history":[{"count":1,"href":"https:\/\/www.caririemacao.com\/1\/wp-json\/wp\/v2\/posts\/170792\/revisions"}],"predecessor-version":[{"id":170794,"href":"https:\/\/www.caririemacao.com\/1\/wp-json\/wp\/v2\/posts\/170792\/revisions\/170794"}],"wp:featuredmedia":[{"embeddable":true,"href":"https:\/\/www.caririemacao.com\/1\/wp-json\/wp\/v2\/media\/170793"}],"wp:attachment":[{"href":"https:\/\/www.caririemacao.com\/1\/wp-json\/wp\/v2\/media?parent=170792"}],"wp:term":[{"taxonomy":"category","embeddable":true,"href":"https:\/\/www.caririemacao.com\/1\/wp-json\/wp\/v2\/categories?post=170792"},{"taxonomy":"post_tag","embeddable":true,"href":"https:\/\/www.caririemacao.com\/1\/wp-json\/wp\/v2\/tags?post=170792"}],"curies":[{"name":"wp","href":"https:\/\/api.w.org\/{rel}","templated":true}]}}