{"id":170808,"date":"2020-05-21T13:57:38","date_gmt":"2020-05-21T16:57:38","guid":{"rendered":"https:\/\/www.caririemacao.com\/1\/?p=170808"},"modified":"2020-05-21T16:59:14","modified_gmt":"2020-05-21T19:59:14","slug":"em-reuniao-com-governadores-bolsonaro-defende-congelamento-de-salario-dos-servidores-e-garante-sancionar-ajuda-aos-estados","status":"publish","type":"post","link":"https:\/\/www.caririemacao.com\/1\/2020\/05\/21\/em-reuniao-com-governadores-bolsonaro-defende-congelamento-de-salario-dos-servidores-e-garante-sancionar-ajuda-aos-estados\/","title":{"rendered":"Em reuni\u00e3o com governadores, Bolsonaro defende congelamento de sal\u00e1rio dos servidores e garante sancionar ajuda aos estados"},"content":{"rendered":"\n<p>O presidente Jair Bolsonaro, acompanhado de ministros, realizou nesta quinta-feira (21)\u00a0uma videoconfer\u00eancia com governadores para discutir a\u00e7\u00f5es\u00a0relacionadas ao enfrentamento da crise de sa\u00fade e econ\u00f4mica provocada pela pandemia do novo coronav\u00edrus.<\/p>\n\n\n\n<p>Os presidentes da C\u00e2mara, Rodrigo Maia (DEM-RJ), e do Senado, Davi Alcolumbre (DEM-AP), participaram da videoconfer\u00eancia. Antes, tiveram uma audi\u00eancia com Bolsonaro.<\/p>\n\n\n\n<p>Na abertura do encontro, Bolsonaro disse que o governo defende congelamento de sal\u00e1rios de servidores at\u00e9 o ano que vem.<\/p>\n\n\n\n<p>&#8220;Bem como nesse momento dif\u00edcil que o trabalhador enfrenta, alguns perderam seus empregos, outros tendo sal\u00e1rio reduzido, os informais que foram duramente atingidos nesse momento, buscar maneiras de, ao restringirmos alguma coisa at\u00e9 31 de dezembro do ano que vem, isso tem a ver com servidor p\u00fablico da Uni\u00e3o, Estados e munic\u00edpios, n\u00f3s possamos vencer essa crise&#8221;, afirmou o presidente.<br>Bolsonaro tamb\u00e9m afirmou que gostaria que a reuni\u00e3o conclu\u00edsse, por consenso, que os vetos dele ao projeto de aux\u00edlio financeiro aos estados sejam mantidos.<\/p>\n\n\n\n<p>&#8220;O mais importante: se poss\u00edvel sair uma proposta aqui por unanimidade de n\u00f3s, ao vetarmos quatro dispositivos, um que \u00e9 de extrema import\u00e2ncia, que esse veto venha a ser mantido por parte do parlamento. Porque \u00e9 assim que vamos construir nossa pol\u00edtica, nos entendendo cada vez mais&#8221;, disse Bolsonaro.<\/p>\n\n\n\n<p><strong>Maia<\/strong><\/p>\n\n\n\n<p>Em seu discurso, Maia defendeu o projeto de socorro aos estados e pregou a uni\u00e3o entre estados, munic\u00edpios e governo federal para o enfrentamento da crise.<\/p>\n\n\n\n<p>&#8220;Esse projeto vem nessa linha, projeto constru\u00eddo no Congresso Nacional junto com governo federal, que hoje vem \u00e0 sua san\u00e7\u00e3o em um momento muito importante no enfrentamento \u00e0 crise. A uni\u00e3o de todos no enfrentamento \u00e0 crise vai criar com certeza as condi\u00e7\u00f5es para que nos segundo momento possamos tratar do p\u00f3s-pandemia da recupera\u00e7\u00e3o econ\u00f4mica, da recupera\u00e7\u00e3o dos empregos&#8221;, disse o presidente da C\u00e2mara.<\/p>\n\n\n\n<p><strong>Alcolumbre<\/strong><\/p>\n\n\n\n<p>O presidente do Senado, em sua fala na abertura do encontro, alertou que os pol\u00edticos e governantes t\u00eam responsabilidade de conduzir o pa\u00eds durante a crise da pandemia e tamb\u00e9m depois, quando, segundo ele, as desigualdades na sociedade devem aumentar.<\/p>\n\n\n\n<p>&#8220;A gente tem que ter a consci\u00eancia de que essa crise \u00e9 sem precedente na nossa vida, mas seremos cobrados por qual atitude tomamos para enfrentar a dificuldade de sa\u00fade p\u00fablica que j\u00e1 tirou a vida de 20 mil brasileiros, milhares perdendo a chance de um futuro promissor. N\u00f3s temos responsabilidade com 210 milh\u00f5es de brasileiros. Ap\u00f3s essa pandemia o nosso pa\u00eds ter\u00e1 muito mais desigualdade. Essa diferen\u00e7a nas classes sociais se ampliar\u00e1. A gente precisa ter responsabilidade e compromisso p\u00fablico&#8221;, disse o presidente do Senado.<\/p>\n\n\n\n<p><strong>Covid-19<\/strong><\/p>\n\n\n\n<p>Segundo levantamento exclusivo do G1 junto \u00e0s secretarias estaduais de sa\u00fade, foram registradas no pa\u00eds 19.038 mortes provocadas pela Covid-19 e 294.152 casos da doen\u00e7a. O balan\u00e7o de quarta-feira (20) do Minist\u00e9rio da Sa\u00fade informou 18.859 mortos e 291.579 casos.<\/p>\n\n\n\n<p>Atualmente, o Brasil \u00e9 o terceiro pa\u00eds no mundo com o maior n\u00famero de casos confirmados da doen\u00e7a, atr\u00e1s de Estados Unidos e R\u00fassia.<\/p>\n\n\n\n<p>Bolsonaro teve em mar\u00e7o uma rodada de conversas por v\u00eddeo com governadores em encontros divididos por regi\u00f5es. Na oportunidade, trocou farpas com o governador de S\u00e3o Paulo, Jo\u00e3o Doria (PSDB). As cr\u00edticas feitas por ambos se mantiveram em abril e maio.<\/p>\n\n\n\n<p>A nova conversa com governadores \u00e9 uma tentativa de ajustar medidas de combate \u00e0 Covid-19, em um contexto no qual o Brasil trocou duas vezes de ministro da Sa\u00fade (Luiz Henrique Mandetta e Nelson Teich) e tem a pasta no momento comandada de forma interina pelo general Eduardo Pazuello, um militar sem experi\u00eancia em sa\u00fade p\u00fablica.<\/p>\n\n\n\n<p>Estados enfrentam dificuldade com equipamentos em unidades de sa\u00fade e presidente e governadores divergem na estrat\u00e9gia para conter a doen\u00e7a em temas como isolamento social e uso da cloroquina pelas pessoas infectados.<\/p>\n\n\n\n<p>Bolsonaro \u00e9 cr\u00edtico das medidas de isolamento social e defende isolar somente idosos e pessoas com doen\u00e7as cr\u00f4nicas. O presidente j\u00e1 se manifestou pela retomada do com\u00e9rcio e a volta das aulas, enquanto muitos governadores, como Doria, mant\u00eam as medidas de restri\u00e7\u00e3o ao com\u00e9rcio a fim de tentar frear a velocidade do cont\u00e1gio da popula\u00e7\u00e3o.<\/p>\n\n\n\n<p><strong>Socorro aos estados<\/strong><\/p>\n\n\n\n<p>Em entrevista ao blog da jornalista Ana Flor, colunista do G1 e da GloboNews, o ministro da Economia, Paulo Guedes, afirmou que a videoconfer\u00eancia \u00e9 uma oportunidade de pacificar as rela\u00e7\u00f5es entre os governos federal e estaduais.<\/p>\n\n\n\n<p>Um dos temas que Guedes espera definir a partir da videoconfer\u00eancia \u00e9 o conjunto de poss\u00edveis vetos ao projeto de socorro aos estados e munic\u00edpios, aprovado em 6 de maio pelo Congresso, e que ainda n\u00e3o foi sancionado por Bolsonaro.<\/p>\n\n\n\n<p>Guedes e Bolsonaro querem que os governadores se comprometam a garantir que ir\u00e3o ajudar a manter os vetos que barram reajustes salariais a categorias do funcionalismo p\u00fablico nas tr\u00eas esferas.<\/p>\n\n\n\n<p>O Planalto prop\u00f4s o congelamento dos sal\u00e1rios de servidores como contrapartida \u00e0 ajuda de R$ 60 bilh\u00f5es, contudo, na tramita\u00e7\u00e3o no Congresso os parlamentares aprovaram a libera\u00e7\u00e3o ao reajuste para determinadas categorias.<\/p>\n\n\n\n<p>No dia seguinte \u00e0 aprova\u00e7\u00e3o do texto pelo Senado, Bolsonaro afirmou que, por sugest\u00e3o de Guedes, iria vetar a permiss\u00e3o de reajustes salariais ao funcionalismo.<\/p>\n\n\n\n<p>Agora, Guedes e Bolsonaro querem que os governadores se comprometam a garantir que ir\u00e3o ajudar a manter os vetos que barram reajustes salariais a categorias do funcionalismo p\u00fablico nas tr\u00eas esferas. Guedes tem alertado para o risco dos estados usarem o dinheiro destinado \u00e0 sa\u00fade para conceder reajustes ao funcionalismo em ano eleitoral.<\/p>\n","protected":false},"excerpt":{"rendered":"<p>O presidente Jair Bolsonaro, acompanhado de ministros, realizou nesta quinta-feira (21)\u00a0uma videoconfer\u00eancia com governadores para discutir a\u00e7\u00f5es\u00a0relacionadas ao enfrentamento da crise de sa\u00fade e econ\u00f4mica&hellip; <\/p>\n","protected":false},"author":2,"featured_media":170809,"comment_status":"closed","ping_status":"closed","sticky":false,"template":"","format":"standard","meta":{"sfsi_plus_gutenberg_text_before_share":"","sfsi_plus_gutenberg_show_text_before_share":"","sfsi_plus_gutenberg_icon_type":"","sfsi_plus_gutenberg_icon_alignemt":"","sfsi_plus_gutenburg_max_per_row":"","footnotes":""},"categories":[2],"tags":[],"class_list":["post-170808","post","type-post","status-publish","format-standard","has-post-thumbnail","hentry","category-geral"],"_links":{"self":[{"href":"https:\/\/www.caririemacao.com\/1\/wp-json\/wp\/v2\/posts\/170808","targetHints":{"allow":["GET"]}}],"collection":[{"href":"https:\/\/www.caririemacao.com\/1\/wp-json\/wp\/v2\/posts"}],"about":[{"href":"https:\/\/www.caririemacao.com\/1\/wp-json\/wp\/v2\/types\/post"}],"author":[{"embeddable":true,"href":"https:\/\/www.caririemacao.com\/1\/wp-json\/wp\/v2\/users\/2"}],"replies":[{"embeddable":true,"href":"https:\/\/www.caririemacao.com\/1\/wp-json\/wp\/v2\/comments?post=170808"}],"version-history":[{"count":2,"href":"https:\/\/www.caririemacao.com\/1\/wp-json\/wp\/v2\/posts\/170808\/revisions"}],"predecessor-version":[{"id":170849,"href":"https:\/\/www.caririemacao.com\/1\/wp-json\/wp\/v2\/posts\/170808\/revisions\/170849"}],"wp:featuredmedia":[{"embeddable":true,"href":"https:\/\/www.caririemacao.com\/1\/wp-json\/wp\/v2\/media\/170809"}],"wp:attachment":[{"href":"https:\/\/www.caririemacao.com\/1\/wp-json\/wp\/v2\/media?parent=170808"}],"wp:term":[{"taxonomy":"category","embeddable":true,"href":"https:\/\/www.caririemacao.com\/1\/wp-json\/wp\/v2\/categories?post=170808"},{"taxonomy":"post_tag","embeddable":true,"href":"https:\/\/www.caririemacao.com\/1\/wp-json\/wp\/v2\/tags?post=170808"}],"curies":[{"name":"wp","href":"https:\/\/api.w.org\/{rel}","templated":true}]}}