{"id":170816,"date":"2020-05-21T14:04:29","date_gmt":"2020-05-21T17:04:29","guid":{"rendered":"https:\/\/www.caririemacao.com\/1\/?p=170816"},"modified":"2020-05-21T14:04:29","modified_gmt":"2020-05-21T17:04:29","slug":"prefeita-de-piloezinhos-testa-positivo-para-o-coronavirus","status":"publish","type":"post","link":"https:\/\/www.caririemacao.com\/1\/2020\/05\/21\/prefeita-de-piloezinhos-testa-positivo-para-o-coronavirus\/","title":{"rendered":"Prefeita de Pil\u00f5ezinhos testa positivo para o Coronav\u00edrus"},"content":{"rendered":"\n<h1 class=\"wp-block-heading\"><\/h1>\n\n\n\n<p>A prefeita de Pil\u00f5ezinhos, na Para\u00edba, M\u00f4nica Cristina afirmou nesta quarta-feira (20), que testou positivo para o Coronav\u00edrus. A gestora divulgou um v\u00eddeo na sua rede social onde informou que desde o domingo (17),&nbsp;que apresentava sintomas do Covid-19.&nbsp;<\/p>\n\n\n\n<p>A prefeita disse que teve sintomas leves mas que estava se sentindo bem. M\u00f4nica disse que seguia acompanhando os casos na cidade e chegou a ir diversas vezes ao posto de sa\u00fade, apesar de ser alertada do perigo em contrair o v\u00edrus.<\/p>\n\n\n\n<p>&#8220;Como gestora eu n\u00e3o posso cruzar os bra\u00e7os e deixar apenas o secret\u00e1rio e todos os profissionais de sa\u00fade, eu n\u00e3o acho justo, por isso eu estava sempre ali \u00e0 frente&#8221;, disse a prefeita.<\/p>\n\n\n\n<p>M\u00f4nica Cristina alertou para o uso de m\u00e1scara e a retirada do equipamento em locais para respirar. E pediu a popula\u00e7\u00e3o que redobrem os cuidados.&nbsp;<\/p>\n\n\n\n<p>Ela tamb\u00e9m afirmou que est\u00e1 isolada desde o dia em que come\u00e7ou a sentir os sintomas e que ningu\u00e9m da fam\u00edlia foi infectado.<\/p>\n\n\n\n<figure><iframe data-src=\"https:\/\/www.youtube.com\/embed\/ty0rNy5yRBw\" allowfullscreen=\"\" src=\"data:image\/svg+xml;base64,PHN2ZyB3aWR0aD0iMSIgaGVpZ2h0PSIxIiB4bWxucz0iaHR0cDovL3d3dy53My5vcmcvMjAwMC9zdmciPjwvc3ZnPg==\" class=\"lazyload\" data-load-mode=\"1\"><\/iframe><\/figure>\n","protected":false},"excerpt":{"rendered":"<p>A prefeita de Pil\u00f5ezinhos, na Para\u00edba, M\u00f4nica Cristina afirmou nesta quarta-feira (20), que testou positivo para o Coronav\u00edrus. A gestora divulgou um v\u00eddeo na sua&hellip; <\/p>\n","protected":false},"author":2,"featured_media":170817,"comment_status":"closed","ping_status":"closed","sticky":false,"template":"","format":"standard","meta":{"sfsi_plus_gutenberg_text_before_share":"","sfsi_plus_gutenberg_show_text_before_share":"","sfsi_plus_gutenberg_icon_type":"","sfsi_plus_gutenberg_icon_alignemt":"","sfsi_plus_gutenburg_max_per_row":"","footnotes":""},"categories":[50,2],"tags":[],"class_list":["post-170816","post","type-post","status-publish","format-standard","has-post-thumbnail","hentry","category-destaque","category-geral"],"_links":{"self":[{"href":"https:\/\/www.caririemacao.com\/1\/wp-json\/wp\/v2\/posts\/170816","targetHints":{"allow":["GET"]}}],"collection":[{"href":"https:\/\/www.caririemacao.com\/1\/wp-json\/wp\/v2\/posts"}],"about":[{"href":"https:\/\/www.caririemacao.com\/1\/wp-json\/wp\/v2\/types\/post"}],"author":[{"embeddable":true,"href":"https:\/\/www.caririemacao.com\/1\/wp-json\/wp\/v2\/users\/2"}],"replies":[{"embeddable":true,"href":"https:\/\/www.caririemacao.com\/1\/wp-json\/wp\/v2\/comments?post=170816"}],"version-history":[{"count":1,"href":"https:\/\/www.caririemacao.com\/1\/wp-json\/wp\/v2\/posts\/170816\/revisions"}],"predecessor-version":[{"id":170818,"href":"https:\/\/www.caririemacao.com\/1\/wp-json\/wp\/v2\/posts\/170816\/revisions\/170818"}],"wp:featuredmedia":[{"embeddable":true,"href":"https:\/\/www.caririemacao.com\/1\/wp-json\/wp\/v2\/media\/170817"}],"wp:attachment":[{"href":"https:\/\/www.caririemacao.com\/1\/wp-json\/wp\/v2\/media?parent=170816"}],"wp:term":[{"taxonomy":"category","embeddable":true,"href":"https:\/\/www.caririemacao.com\/1\/wp-json\/wp\/v2\/categories?post=170816"},{"taxonomy":"post_tag","embeddable":true,"href":"https:\/\/www.caririemacao.com\/1\/wp-json\/wp\/v2\/tags?post=170816"}],"curies":[{"name":"wp","href":"https:\/\/api.w.org\/{rel}","templated":true}]}}