{"id":170820,"date":"2020-05-21T14:10:42","date_gmt":"2020-05-21T17:10:42","guid":{"rendered":"https:\/\/www.caririemacao.com\/1\/?p=170820"},"modified":"2020-05-21T14:10:42","modified_gmt":"2020-05-21T17:10:42","slug":"12-casos-de-covid-19-sao-confirmados-nas-ultimas-24-horas-na-regiao-do-cariri-paraibano","status":"publish","type":"post","link":"https:\/\/www.caririemacao.com\/1\/2020\/05\/21\/12-casos-de-covid-19-sao-confirmados-nas-ultimas-24-horas-na-regiao-do-cariri-paraibano\/","title":{"rendered":"12 casos de Covid-19 s\u00e3o confirmados nas \u00faltimas 24 horas na regi\u00e3o do Cariri paraibano"},"content":{"rendered":"\n<h1 class=\"wp-block-heading\"><\/h1>\n\n\n\n<p>A regi\u00e3o do Cariri paraibano registrou nas \u00faltimas 24 horas mais 12 casos confirmados de Covi-19 (novo coronav\u00edrus). Os respectivos casos da doen\u00e7a foram registrados em seis cidades da nossa regi\u00e3o, sendo divulgados nos boletins epidemiol\u00f3gicos municipais.<\/p>\n\n\n\n<p>S\u00f3 o munic\u00edpio de Juazeirinho confirmou 7 casos da doen\u00e7a, e agora passa a contabilizar 38 casos confirmados, al\u00e9m de 159 notificados.<\/p>\n\n\n\n<p>O munic\u00edpio de S\u00e3o Jo\u00e3o do Tigre registou o seu primeiro caso. Trata-se uma jovem de 21 anos de idade, sexo feminino, residente no Distrito de Cacimbinha, realizou o teste r\u00e1pido, onde veio a testar positivo para o novo v\u00edrus. A paciente encontra-se em isolamento domiciliar e j\u00e1 est\u00e1 sendo sendo acompanhada e orientada pela unidade municipal de sa\u00fade.<\/p>\n\n\n\n<p>Boa Vista tamb\u00e9m confirmou o seu terceiro caso. Trata-se de um paciente de 50 anos do sexo feminino, residente na zona rural, sem comorbidades, que apresentou tosse, febre, dor no corpo, falta de apetite, de paladar e de olfato. O paciente passou pelo o teste r\u00e1pido e resultou positivo para IgG, o que garante que j\u00e1 passou da fase de transmiss\u00e3o, contudo continua recebendo a medica\u00e7\u00e3o para alguns sintomas que ainda apresenta.<\/p>\n\n\n\n<p>Sum\u00e9 tamb\u00e9m confirmou o seu segundo caso. O munic\u00edpio do Congo tamb\u00e9m confirmou mais um caso nesta quarta-feira, e agora tem 11 casos da doen\u00e7a. Monteiro tamb\u00e9m registrou mais um caso e passa a contabilizar agora 14 casos confirmados do v\u00edrus.<\/p>\n\n\n\n<p><strong>De Olho no Cariri<\/strong><\/p>\n","protected":false},"excerpt":{"rendered":"<p>A regi\u00e3o do Cariri paraibano registrou nas \u00faltimas 24 horas mais 12 casos confirmados de Covi-19 (novo coronav\u00edrus). Os respectivos casos da doen\u00e7a foram registrados&hellip; <\/p>\n","protected":false},"author":2,"featured_media":170821,"comment_status":"closed","ping_status":"closed","sticky":false,"template":"","format":"standard","meta":{"sfsi_plus_gutenberg_text_before_share":"","sfsi_plus_gutenberg_show_text_before_share":"","sfsi_plus_gutenberg_icon_type":"","sfsi_plus_gutenberg_icon_alignemt":"","sfsi_plus_gutenburg_max_per_row":"","footnotes":""},"categories":[2],"tags":[],"class_list":["post-170820","post","type-post","status-publish","format-standard","has-post-thumbnail","hentry","category-geral"],"_links":{"self":[{"href":"https:\/\/www.caririemacao.com\/1\/wp-json\/wp\/v2\/posts\/170820","targetHints":{"allow":["GET"]}}],"collection":[{"href":"https:\/\/www.caririemacao.com\/1\/wp-json\/wp\/v2\/posts"}],"about":[{"href":"https:\/\/www.caririemacao.com\/1\/wp-json\/wp\/v2\/types\/post"}],"author":[{"embeddable":true,"href":"https:\/\/www.caririemacao.com\/1\/wp-json\/wp\/v2\/users\/2"}],"replies":[{"embeddable":true,"href":"https:\/\/www.caririemacao.com\/1\/wp-json\/wp\/v2\/comments?post=170820"}],"version-history":[{"count":1,"href":"https:\/\/www.caririemacao.com\/1\/wp-json\/wp\/v2\/posts\/170820\/revisions"}],"predecessor-version":[{"id":170822,"href":"https:\/\/www.caririemacao.com\/1\/wp-json\/wp\/v2\/posts\/170820\/revisions\/170822"}],"wp:featuredmedia":[{"embeddable":true,"href":"https:\/\/www.caririemacao.com\/1\/wp-json\/wp\/v2\/media\/170821"}],"wp:attachment":[{"href":"https:\/\/www.caririemacao.com\/1\/wp-json\/wp\/v2\/media?parent=170820"}],"wp:term":[{"taxonomy":"category","embeddable":true,"href":"https:\/\/www.caririemacao.com\/1\/wp-json\/wp\/v2\/categories?post=170820"},{"taxonomy":"post_tag","embeddable":true,"href":"https:\/\/www.caririemacao.com\/1\/wp-json\/wp\/v2\/tags?post=170820"}],"curies":[{"name":"wp","href":"https:\/\/api.w.org\/{rel}","templated":true}]}}