{"id":170824,"date":"2020-05-21T14:13:18","date_gmt":"2020-05-21T17:13:18","guid":{"rendered":"https:\/\/www.caririemacao.com\/1\/?p=170824"},"modified":"2020-05-21T14:13:18","modified_gmt":"2020-05-21T17:13:18","slug":"veneziano-recusa-do-presidente-e-do-ministerio-da-saude-em-assinar-protocolo-da-cloroquina-expoe-risco-do-medicamento-para-covid-19","status":"publish","type":"post","link":"https:\/\/www.caririemacao.com\/1\/2020\/05\/21\/veneziano-recusa-do-presidente-e-do-ministerio-da-saude-em-assinar-protocolo-da-cloroquina-expoe-risco-do-medicamento-para-covid-19\/","title":{"rendered":"Veneziano: recusa do presidente e do Minist\u00e9rio da Sa\u00fade em assinar protocolo da cloroquina exp\u00f5e risco do medicamento para Covid-19"},"content":{"rendered":"\n<h3 class=\"wp-block-heading\"><\/h3>\n\n\n\n<hr class=\"wp-block-separator\"\/>\n\n\n\n<p>Ao participar de mais uma sess\u00e3o remota do Senado Federal, o senador&nbsp;<a href=\"https:\/\/wscom.com.br\/projeto-de-veneziano-garante-pensao-a-familias-de-profissionais-de-areas-essenciais-que-morrerem-durante-a-pandemia\/\"><strong>Veneziano Vital do R\u00eago<\/strong><\/a>&nbsp;(PSB) afirmou que a recusa do presidente da Rep\u00fablica, do ministro da Sa\u00fade e de m\u00e9dicos e t\u00e9cnicos da pasta em assinar o novo protocolo para autorizar o uso da cloroquina no tratamento de pacientes com Covid-19 comprova os riscos que o medicamento pode causar.<\/p>\n\n\n\n<p>Veneziano disse que ningu\u00e9m no governo assinou simplesmente porque n\u00e3o quer assumir os riscos. O novo protocolo do Minist\u00e9rio da Sa\u00fade para liberar o uso da cloroquina at\u00e9 mesmo em pacientes contaminados por Covid-19 em sintomas leves n\u00e3o \u00e9 assinado pelo presidente da Rep\u00fablica, nem pelo ministro da Sa\u00fade e sequer por um t\u00e9cnico ou m\u00e9dico colaborador. O texto divulgado tem apenas a informa\u00e7\u00e3o de que trata de \u201corienta\u00e7\u00f5es do Minist\u00e9rio da Sa\u00fade para tratamento medicamentoso precoce de pacientes com diagn\u00f3stico da Covid-19\u201d.<\/p>\n\n\n\n<p>\u201cObservemos o qu\u00e3o arriscado \u00e9 essa medida: nenhuma autoridade, nenhuma, desde aquele que deveria faz\u00ea-lo, que \u00e9 o ministro que substituiu o ex-ministro Nelson Teich, nenhum outro secret\u00e1rio, absolutamente, ningu\u00e9m do Minist\u00e9rio da Sa\u00fade, nem t\u00e3o pouco o pr\u00f3prio presidente da Rep\u00fablica assume, assinando esse protocolo\u201d, disse Veneziano, em pronunciamento durante a sess\u00e3o.<\/p>\n\n\n\n<p>De acordo com o senador paraibano, a recusa evidencia \u201ca completa desconfian\u00e7a daquilo que, nesses \u00faltimos dias, tem sido sustentado pelo presidente, que \u00e9 o uso da cloroquina. \u00c9 algo que me chamou a aten\u00e7\u00e3o e ao senador Humberto Costa, que, utilizando o seu tempo, tamb\u00e9m assim mencionou uma preocupa\u00e7\u00e3o devida\u201d.<\/p>\n\n\n\n<p><strong>Paciente se responsabiliza pelo uso \u2013<\/strong>&nbsp;Veneziano tamb\u00e9m afirmou que o presidente da Rep\u00fablica e Minist\u00e9rio da Sa\u00fade n\u00e3o agiram corretamente, ao incentivar a ideia do uso da cloroquina, mas jogar a responsabilidade sobre os riscos para o pr\u00f3prio paciente. \u00c9 que o protocolo divulgado pelo governo sem a assinatura de ningu\u00e9m obriga o paciente que fora tratado com a cloroquina a assinar um termo, se responsabilizando pelos riscos.<\/p>\n\n\n\n<p>\u201cOs integrantes do governo e o pr\u00f3prio presidente da Rep\u00fablica n\u00e3o tem nenhuma, longe dele, absolutamente, qualquer seguran\u00e7a sobre a aplica\u00e7\u00e3o da cloroquina, muito pelo contr\u00e1rio, fazem com que o paciente que seja tratado com o medicamento assine termos de responsabilidade, assumindo, ele pr\u00f3prio, os riscos\u201d, disse Veneziano.<\/p>\n\n\n\n<p>O senador finalizou lamentando a atitude do governo que incentiva o uso da cloroquina, faz campanha para que a popula\u00e7\u00e3o se conven\u00e7a \u2013 tanto que, hoje, muitos apoiadores do presidente defendem abertamente o uso do medicamento para tratar a Covid-19, mesmo sem qualquer base cient\u00edfica \u2013 e, no momento da decis\u00e3o, joga a responsabilidade para quem acreditou na palavra do presidente.<\/p>\n","protected":false},"excerpt":{"rendered":"<p>Ao participar de mais uma sess\u00e3o remota do Senado Federal, o senador&nbsp;Veneziano Vital do R\u00eago&nbsp;(PSB) afirmou que a recusa do presidente da Rep\u00fablica, do ministro&hellip; <\/p>\n","protected":false},"author":2,"featured_media":170825,"comment_status":"closed","ping_status":"closed","sticky":false,"template":"","format":"standard","meta":{"sfsi_plus_gutenberg_text_before_share":"","sfsi_plus_gutenberg_show_text_before_share":"","sfsi_plus_gutenberg_icon_type":"","sfsi_plus_gutenberg_icon_alignemt":"","sfsi_plus_gutenburg_max_per_row":"","footnotes":""},"categories":[2],"tags":[],"class_list":["post-170824","post","type-post","status-publish","format-standard","has-post-thumbnail","hentry","category-geral"],"_links":{"self":[{"href":"https:\/\/www.caririemacao.com\/1\/wp-json\/wp\/v2\/posts\/170824","targetHints":{"allow":["GET"]}}],"collection":[{"href":"https:\/\/www.caririemacao.com\/1\/wp-json\/wp\/v2\/posts"}],"about":[{"href":"https:\/\/www.caririemacao.com\/1\/wp-json\/wp\/v2\/types\/post"}],"author":[{"embeddable":true,"href":"https:\/\/www.caririemacao.com\/1\/wp-json\/wp\/v2\/users\/2"}],"replies":[{"embeddable":true,"href":"https:\/\/www.caririemacao.com\/1\/wp-json\/wp\/v2\/comments?post=170824"}],"version-history":[{"count":1,"href":"https:\/\/www.caririemacao.com\/1\/wp-json\/wp\/v2\/posts\/170824\/revisions"}],"predecessor-version":[{"id":170826,"href":"https:\/\/www.caririemacao.com\/1\/wp-json\/wp\/v2\/posts\/170824\/revisions\/170826"}],"wp:featuredmedia":[{"embeddable":true,"href":"https:\/\/www.caririemacao.com\/1\/wp-json\/wp\/v2\/media\/170825"}],"wp:attachment":[{"href":"https:\/\/www.caririemacao.com\/1\/wp-json\/wp\/v2\/media?parent=170824"}],"wp:term":[{"taxonomy":"category","embeddable":true,"href":"https:\/\/www.caririemacao.com\/1\/wp-json\/wp\/v2\/categories?post=170824"},{"taxonomy":"post_tag","embeddable":true,"href":"https:\/\/www.caririemacao.com\/1\/wp-json\/wp\/v2\/tags?post=170824"}],"curies":[{"name":"wp","href":"https:\/\/api.w.org\/{rel}","templated":true}]}}