{"id":170828,"date":"2020-05-21T14:18:47","date_gmt":"2020-05-21T17:18:47","guid":{"rendered":"https:\/\/www.caririemacao.com\/1\/?p=170828"},"modified":"2020-05-21T14:18:47","modified_gmt":"2020-05-21T17:18:47","slug":"enem-2020-estudantes-serao-consultados-sobre-o-adiamento-do-exame","status":"publish","type":"post","link":"https:\/\/www.caririemacao.com\/1\/2020\/05\/21\/enem-2020-estudantes-serao-consultados-sobre-o-adiamento-do-exame\/","title":{"rendered":"Enem 2020: estudantes ser\u00e3o consultados sobre o adiamento do exame"},"content":{"rendered":"\n<h3 class=\"wp-block-heading\"><\/h3>\n\n\n\n<hr class=\"wp-block-separator\"\/>\n\n\n\n<p>O ministro da Educa\u00e7\u00e3o Abraham&nbsp;Weintraub&nbsp;informou, na \u00faltima ter\u00e7a-feira (19), que estudantes inscritos no Exame Nacional do Ensino M\u00e9dio (<a href=\"https:\/\/www.educamaisbrasil.com.br\/programas-do-governo\/enem\/o-que-e\/?p=wscom\">Enem<\/a>) 2020 poder\u00e3o opinar sobre a data de realiza\u00e7\u00e3o da prova. De acordo com a informa\u00e7\u00e3o divulgada pelo Minist\u00e9rio da Educa\u00e7\u00e3o (MEC), haver\u00e1 uma consulta com os inscritos na \u00faltima semana de junho. At\u00e9 o momento, cerca de quatro milh\u00f5es de estudantes j\u00e1 realizaram a inscri\u00e7\u00e3o para o exame.&nbsp;&nbsp;<\/p>\n\n\n\n<p>Atrav\u00e9s da P\u00e1gina do Participante, os estudantes ser\u00e3o consultados sobre a nova data de aplica\u00e7\u00e3o do Enem. Nesse espa\u00e7o est\u00e3o reunidas todas as informa\u00e7\u00f5es sobre local e hor\u00e1rio de prova, al\u00e9m de todas as fases (antes, durante e depois) de realiza\u00e7\u00e3o do exame.&nbsp;<\/p>\n\n\n\n<p>De acordo com Instituto Nacional de Estudos e Pesquisas Educacionais An\u00edsio Teixeira (Inep), organiza\u00e7\u00e3o respons\u00e1vel pela prova, a vers\u00e3o digital do Enem j\u00e1 possui mais de 100 mil inscritos, ou seja, todas as vagas dispon\u00edveis para essa modalidade foram preenchidas. Dessa forma, os estudantes que ainda n\u00e3o realizaram a inscri\u00e7\u00e3o s\u00f3 poder\u00e3o realizar a prova na vers\u00e3o impressa. As inscri\u00e7\u00f5es para esta modalidade v\u00e3o at\u00e9 o dia 22 de maio.&nbsp;<\/p>\n\n\n\n<p>At\u00e9 ent\u00e3o, as datas da vers\u00e3o impressa do Enem est\u00e3o marcadas para os dias 1\u00ba e 8 de novembro, conforme o edital publicado. A data do Enem digital j\u00e1 foi alterada uma vez. Inicialmente, as provas seriam aplicadas nos dias 11 e 18 de outubro deste ano. Agora, o modelo digital deve acontecer nos dias 22 e 29 de novembro.&nbsp;<\/p>\n\n\n\n<p>A estrutura do Enem \u00e9 igual para as duas modalidades. Tanto na vers\u00e3o impressa quanto na digital, os estudantes far\u00e3o provas de linguagens, c\u00f3digos e suas tecnologias; ci\u00eancias humanas e suas tecnologias; ci\u00eancias da natureza e suas tecnologias. Cada \u00e1rea de conhecimento ter\u00e1 45 quest\u00f5es de m\u00faltipla escolha. A reda\u00e7\u00e3o ser\u00e1 manuscrita, em papel, nas duas vers\u00f5es.&nbsp;<\/p>\n","protected":false},"excerpt":{"rendered":"<p>O ministro da Educa\u00e7\u00e3o Abraham&nbsp;Weintraub&nbsp;informou, na \u00faltima ter\u00e7a-feira (19), que estudantes inscritos no Exame Nacional do Ensino M\u00e9dio (Enem) 2020 poder\u00e3o opinar sobre a data&hellip; <\/p>\n","protected":false},"author":2,"featured_media":170829,"comment_status":"closed","ping_status":"closed","sticky":false,"template":"","format":"standard","meta":{"sfsi_plus_gutenberg_text_before_share":"","sfsi_plus_gutenberg_show_text_before_share":"","sfsi_plus_gutenberg_icon_type":"","sfsi_plus_gutenberg_icon_alignemt":"","sfsi_plus_gutenburg_max_per_row":"","footnotes":""},"categories":[2],"tags":[],"class_list":["post-170828","post","type-post","status-publish","format-standard","has-post-thumbnail","hentry","category-geral"],"_links":{"self":[{"href":"https:\/\/www.caririemacao.com\/1\/wp-json\/wp\/v2\/posts\/170828","targetHints":{"allow":["GET"]}}],"collection":[{"href":"https:\/\/www.caririemacao.com\/1\/wp-json\/wp\/v2\/posts"}],"about":[{"href":"https:\/\/www.caririemacao.com\/1\/wp-json\/wp\/v2\/types\/post"}],"author":[{"embeddable":true,"href":"https:\/\/www.caririemacao.com\/1\/wp-json\/wp\/v2\/users\/2"}],"replies":[{"embeddable":true,"href":"https:\/\/www.caririemacao.com\/1\/wp-json\/wp\/v2\/comments?post=170828"}],"version-history":[{"count":1,"href":"https:\/\/www.caririemacao.com\/1\/wp-json\/wp\/v2\/posts\/170828\/revisions"}],"predecessor-version":[{"id":170830,"href":"https:\/\/www.caririemacao.com\/1\/wp-json\/wp\/v2\/posts\/170828\/revisions\/170830"}],"wp:featuredmedia":[{"embeddable":true,"href":"https:\/\/www.caririemacao.com\/1\/wp-json\/wp\/v2\/media\/170829"}],"wp:attachment":[{"href":"https:\/\/www.caririemacao.com\/1\/wp-json\/wp\/v2\/media?parent=170828"}],"wp:term":[{"taxonomy":"category","embeddable":true,"href":"https:\/\/www.caririemacao.com\/1\/wp-json\/wp\/v2\/categories?post=170828"},{"taxonomy":"post_tag","embeddable":true,"href":"https:\/\/www.caririemacao.com\/1\/wp-json\/wp\/v2\/tags?post=170828"}],"curies":[{"name":"wp","href":"https:\/\/api.w.org\/{rel}","templated":true}]}}