{"id":170832,"date":"2020-05-21T15:14:49","date_gmt":"2020-05-21T18:14:49","guid":{"rendered":"https:\/\/www.caririemacao.com\/1\/?p=170832"},"modified":"2020-05-21T15:14:49","modified_gmt":"2020-05-21T18:14:49","slug":"prefeitura-de-camalau-realiza-tomada-de-precos-e-confirma-obras-como-reforma-do-mercado-pavimentacao-de-ruas-e-perfuracao-de-pocos","status":"publish","type":"post","link":"https:\/\/www.caririemacao.com\/1\/2020\/05\/21\/prefeitura-de-camalau-realiza-tomada-de-precos-e-confirma-obras-como-reforma-do-mercado-pavimentacao-de-ruas-e-perfuracao-de-pocos\/","title":{"rendered":"Prefeitura de Camala\u00fa realiza tomada de pre\u00e7os e confirma obras como reforma do mercado, pavimenta\u00e7\u00e3o de ruas e perfura\u00e7\u00e3o de po\u00e7os"},"content":{"rendered":"\n<figure class=\"wp-block-image\"><a href=\"https:\/\/1.bp.blogspot.com\/-IjemcQTuxkw\/Xsa6vlN4MOI\/AAAAAAAAIGo\/lMN7Ibn33lokKreoxBzhdBsrRw4Ji4hsACLcBGAsYHQ\/s1600\/1.png\"><img decoding=\"async\" data-src=\"https:\/\/1.bp.blogspot.com\/-IjemcQTuxkw\/Xsa6vlN4MOI\/AAAAAAAAIGo\/lMN7Ibn33lokKreoxBzhdBsrRw4Ji4hsACLcBGAsYHQ\/s280\/1.png\" alt=\"\" src=\"data:image\/svg+xml;base64,PHN2ZyB3aWR0aD0iMSIgaGVpZ2h0PSIxIiB4bWxucz0iaHR0cDovL3d3dy53My5vcmcvMjAwMC9zdmciPjwvc3ZnPg==\" class=\"lazyload\" \/><\/a><\/figure>\n\n\n\n<p><\/p>\n\n\n\n<p>Em meio \u00e0 crise que assola o pa\u00eds com a dissemina\u00e7\u00e3o do Coronav\u00edrus, a gest\u00e3o municipal de Camala\u00fa n\u00e3o para de trabalhar e confirma mais a\u00e7\u00f5es important\u00edssimas que ser\u00e3o realizadas para o bem da popula\u00e7\u00e3o local.<\/p>\n\n\n\n<p><br>O governo municipal realizou na manh\u00e3 desta quinta feira, 21, a tomada de pre\u00e7os para a realiza\u00e7\u00e3o da obra de reforma do Mercado P\u00fablico de Camala\u00fa.<\/p>\n\n\n\n<p><br>O mesmo processo foi executado para a realiza\u00e7\u00e3o em breve da perfura\u00e7\u00e3o de po\u00e7os em comunidades rurais.<\/p>\n\n\n\n<p><br>Al\u00e9m disso, o prefeito Sandro M\u00f4co confirmou que foi realizada tomada de pre\u00e7o para obras de pavimenta\u00e7\u00e3o que ser\u00e3o executadas em v\u00e1rias ruas da cidade.<\/p>\n\n\n\n<p><br>\u201c\u00c9 um verdadeiro pacote de obras estruturantes tanto na zona urbana, com obras important\u00edssimas de infraestrutura, quanto para a zona rural, com obras que v\u00e3o ajudar a garantir a nossa seguran\u00e7a h\u00eddrica por muito tempo\u201d, disse o prefeito Sandro M\u00f4co.<\/p>\n\n\n\n<p><br>Vale destacar que todo o processo foi realizado obedecendo as normas e exig\u00eancias da Organiza\u00e7\u00e3o Mundial de sa\u00fade, inclusive com a manuten\u00e7\u00e3o do distanciamento, a utiliza\u00e7\u00e3o de m\u00e1scaras e \u00e1lcool e gel, luvas e demais precau\u00e7\u00f5es.<\/p>\n\n\n\n<p><br><strong>F\u00c1BIO BRITO<\/strong><\/p>\n","protected":false},"excerpt":{"rendered":"<p>Em meio \u00e0 crise que assola o pa\u00eds com a dissemina\u00e7\u00e3o do Coronav\u00edrus, a gest\u00e3o municipal de Camala\u00fa n\u00e3o para de trabalhar e confirma mais&hellip; <\/p>\n","protected":false},"author":2,"featured_media":170834,"comment_status":"closed","ping_status":"closed","sticky":false,"template":"","format":"standard","meta":{"sfsi_plus_gutenberg_text_before_share":"","sfsi_plus_gutenberg_show_text_before_share":"","sfsi_plus_gutenberg_icon_type":"","sfsi_plus_gutenberg_icon_alignemt":"","sfsi_plus_gutenburg_max_per_row":"","footnotes":""},"categories":[6],"tags":[],"class_list":["post-170832","post","type-post","status-publish","format-standard","has-post-thumbnail","hentry","category-cidades"],"_links":{"self":[{"href":"https:\/\/www.caririemacao.com\/1\/wp-json\/wp\/v2\/posts\/170832","targetHints":{"allow":["GET"]}}],"collection":[{"href":"https:\/\/www.caririemacao.com\/1\/wp-json\/wp\/v2\/posts"}],"about":[{"href":"https:\/\/www.caririemacao.com\/1\/wp-json\/wp\/v2\/types\/post"}],"author":[{"embeddable":true,"href":"https:\/\/www.caririemacao.com\/1\/wp-json\/wp\/v2\/users\/2"}],"replies":[{"embeddable":true,"href":"https:\/\/www.caririemacao.com\/1\/wp-json\/wp\/v2\/comments?post=170832"}],"version-history":[{"count":1,"href":"https:\/\/www.caririemacao.com\/1\/wp-json\/wp\/v2\/posts\/170832\/revisions"}],"predecessor-version":[{"id":170833,"href":"https:\/\/www.caririemacao.com\/1\/wp-json\/wp\/v2\/posts\/170832\/revisions\/170833"}],"wp:featuredmedia":[{"embeddable":true,"href":"https:\/\/www.caririemacao.com\/1\/wp-json\/wp\/v2\/media\/170834"}],"wp:attachment":[{"href":"https:\/\/www.caririemacao.com\/1\/wp-json\/wp\/v2\/media?parent=170832"}],"wp:term":[{"taxonomy":"category","embeddable":true,"href":"https:\/\/www.caririemacao.com\/1\/wp-json\/wp\/v2\/categories?post=170832"},{"taxonomy":"post_tag","embeddable":true,"href":"https:\/\/www.caririemacao.com\/1\/wp-json\/wp\/v2\/tags?post=170832"}],"curies":[{"name":"wp","href":"https:\/\/api.w.org\/{rel}","templated":true}]}}