{"id":170837,"date":"2020-05-21T15:19:55","date_gmt":"2020-05-21T18:19:55","guid":{"rendered":"https:\/\/www.caririemacao.com\/1\/?p=170837"},"modified":"2020-05-21T15:19:55","modified_gmt":"2020-05-21T18:19:55","slug":"prefeitura-do-amparo-mantem-rigorosamente-em-dia-repasse-do-duodecimo-ao-legislativo-mesmo-diante-da-crise-gerada-pela-pandemia","status":"publish","type":"post","link":"https:\/\/www.caririemacao.com\/1\/2020\/05\/21\/prefeitura-do-amparo-mantem-rigorosamente-em-dia-repasse-do-duodecimo-ao-legislativo-mesmo-diante-da-crise-gerada-pela-pandemia\/","title":{"rendered":"Prefeitura do Amparo mant\u00e9m rigorosamente em dia repasse do duod\u00e9cimo ao legislativo mesmo diante da crise gerada pela pandemia"},"content":{"rendered":"\n<p>Em tempos de pandemia, organizar as finan\u00e7as de um munic\u00edpio \u00e9 desafio que comprova ou n\u00e3o, a compet\u00eancia de um gestor.<\/p>\n\n\n\n<p><br>Mesmo diante das atuais dificuldades, a gest\u00e3o municipal do Amparo tem mantido todos os seus compromissos rigorosamente em dia, demonstrando que cumpre com as obriga\u00e7\u00f5es firmadas e que lhe competem.<\/p>\n\n\n\n<p><br>Exemplo claro disso, \u00e9 que o governo municipal tem honrado mensalmente e religiosamente com o repasse do duod\u00e9cimo ao Poder Legislativo, o que garante que a C\u00e2mara possa trabalhar de forma satisfat\u00f3ria.<\/p>\n\n\n\n<p><br>\u201cO repasse do duod\u00e9cimo em nossa gest\u00e3o sempre foi honrado na data correta, como forma de manter a harmonia entre executivo e legislativo, e dar-lhe condi\u00e7\u00f5es de executar um trabalho \u00e0 altura do que nossa popula\u00e7\u00e3o merece\u201d, disse o prefeito In\u00e1cio N\u00f3brega.<\/p>\n\n\n\n<p><strong><br>F\u00c1BIO BRITO<\/strong><\/p>\n","protected":false},"excerpt":{"rendered":"<p>Em tempos de pandemia, organizar as finan\u00e7as de um munic\u00edpio \u00e9 desafio que comprova ou n\u00e3o, a compet\u00eancia de um gestor. Mesmo diante das atuais&hellip; <\/p>\n","protected":false},"author":2,"featured_media":170170,"comment_status":"closed","ping_status":"closed","sticky":false,"template":"","format":"standard","meta":{"sfsi_plus_gutenberg_text_before_share":"","sfsi_plus_gutenberg_show_text_before_share":"","sfsi_plus_gutenberg_icon_type":"","sfsi_plus_gutenberg_icon_alignemt":"","sfsi_plus_gutenburg_max_per_row":"","footnotes":""},"categories":[6],"tags":[],"class_list":["post-170837","post","type-post","status-publish","format-standard","has-post-thumbnail","hentry","category-cidades"],"_links":{"self":[{"href":"https:\/\/www.caririemacao.com\/1\/wp-json\/wp\/v2\/posts\/170837","targetHints":{"allow":["GET"]}}],"collection":[{"href":"https:\/\/www.caririemacao.com\/1\/wp-json\/wp\/v2\/posts"}],"about":[{"href":"https:\/\/www.caririemacao.com\/1\/wp-json\/wp\/v2\/types\/post"}],"author":[{"embeddable":true,"href":"https:\/\/www.caririemacao.com\/1\/wp-json\/wp\/v2\/users\/2"}],"replies":[{"embeddable":true,"href":"https:\/\/www.caririemacao.com\/1\/wp-json\/wp\/v2\/comments?post=170837"}],"version-history":[{"count":2,"href":"https:\/\/www.caririemacao.com\/1\/wp-json\/wp\/v2\/posts\/170837\/revisions"}],"predecessor-version":[{"id":170839,"href":"https:\/\/www.caririemacao.com\/1\/wp-json\/wp\/v2\/posts\/170837\/revisions\/170839"}],"wp:featuredmedia":[{"embeddable":true,"href":"https:\/\/www.caririemacao.com\/1\/wp-json\/wp\/v2\/media\/170170"}],"wp:attachment":[{"href":"https:\/\/www.caririemacao.com\/1\/wp-json\/wp\/v2\/media?parent=170837"}],"wp:term":[{"taxonomy":"category","embeddable":true,"href":"https:\/\/www.caririemacao.com\/1\/wp-json\/wp\/v2\/categories?post=170837"},{"taxonomy":"post_tag","embeddable":true,"href":"https:\/\/www.caririemacao.com\/1\/wp-json\/wp\/v2\/tags?post=170837"}],"curies":[{"name":"wp","href":"https:\/\/api.w.org\/{rel}","templated":true}]}}