{"id":170841,"date":"2020-05-21T15:31:27","date_gmt":"2020-05-21T18:31:27","guid":{"rendered":"https:\/\/www.caririemacao.com\/1\/?p=170841"},"modified":"2020-05-21T15:31:27","modified_gmt":"2020-05-21T18:31:27","slug":"prefeitura-de-sao-jose-dos-cordeiros-instala-barreiras-sanitarias-nas-entradas-da-cidade","status":"publish","type":"post","link":"https:\/\/www.caririemacao.com\/1\/2020\/05\/21\/prefeitura-de-sao-jose-dos-cordeiros-instala-barreiras-sanitarias-nas-entradas-da-cidade\/","title":{"rendered":"Prefeitura de S\u00e3o Jos\u00e9 dos Cordeiros instala barreiras sanit\u00e1rias nas entradas da cidade"},"content":{"rendered":"\n<p>A Prefeitura de S\u00e3o Jos\u00e9 dos Cordeiros atrav\u00e9s da Secretaria Municipal de Sa\u00fade instala barreiras sanit\u00e1rias nas duas entradas principais da cidade. <\/p>\n\n\n\n<figure class=\"wp-block-image size-large\"><img fetchpriority=\"high\" decoding=\"async\" width=\"719\" height=\"540\" src=\"https:\/\/www.caririemacao.com\/1\/wp-content\/uploads\/2020\/05\/FB_IMG_1590085614437.jpg\" alt=\"\" class=\"wp-image-170845\" srcset=\"https:\/\/www.caririemacao.com\/1\/wp-content\/uploads\/2020\/05\/FB_IMG_1590085614437.jpg 719w, https:\/\/www.caririemacao.com\/1\/wp-content\/uploads\/2020\/05\/FB_IMG_1590085614437-300x225.jpg 300w\" sizes=\"(max-width: 719px) 100vw, 719px\" \/><\/figure>\n\n\n\n<p>Mais uma a\u00e7\u00e3o de combate ao covid-19 com orienta\u00e7\u00e3o aos moradores e visitantes, controle de temperatura e distribui\u00e7\u00e3o de m\u00e1scaras. <\/p>\n\n\n\n<p>&#8220;Agradecemos o apoio da Pol\u00edcia Militar destacamento de S\u00e3o Jos\u00e9 dos Cordeiros, pedimos apoio a nossa popula\u00e7\u00e3o em respeitar as orienta\u00e7\u00f5es presta\u00e7\u00e3o por nossa equipe e que possamos juntos sair com menos problemas dessa pandemia que acomete todo o mundo. S\u00f3 tenho a agradecer o apoio de todos&#8221;, disse o prefeito, Jefferson Roberto. <\/p>\n","protected":false},"excerpt":{"rendered":"<p>A Prefeitura de S\u00e3o Jos\u00e9 dos Cordeiros atrav\u00e9s da Secretaria Municipal de Sa\u00fade instala barreiras sanit\u00e1rias nas duas entradas principais da cidade. Mais uma a\u00e7\u00e3o&hellip; <\/p>\n","protected":false},"author":1,"featured_media":170844,"comment_status":"closed","ping_status":"closed","sticky":false,"template":"","format":"standard","meta":{"sfsi_plus_gutenberg_text_before_share":"","sfsi_plus_gutenberg_show_text_before_share":"","sfsi_plus_gutenberg_icon_type":"","sfsi_plus_gutenberg_icon_alignemt":"","sfsi_plus_gutenburg_max_per_row":"","footnotes":""},"categories":[6,50],"tags":[],"class_list":["post-170841","post","type-post","status-publish","format-standard","has-post-thumbnail","hentry","category-cidades","category-destaque"],"_links":{"self":[{"href":"https:\/\/www.caririemacao.com\/1\/wp-json\/wp\/v2\/posts\/170841","targetHints":{"allow":["GET"]}}],"collection":[{"href":"https:\/\/www.caririemacao.com\/1\/wp-json\/wp\/v2\/posts"}],"about":[{"href":"https:\/\/www.caririemacao.com\/1\/wp-json\/wp\/v2\/types\/post"}],"author":[{"embeddable":true,"href":"https:\/\/www.caririemacao.com\/1\/wp-json\/wp\/v2\/users\/1"}],"replies":[{"embeddable":true,"href":"https:\/\/www.caririemacao.com\/1\/wp-json\/wp\/v2\/comments?post=170841"}],"version-history":[{"count":2,"href":"https:\/\/www.caririemacao.com\/1\/wp-json\/wp\/v2\/posts\/170841\/revisions"}],"predecessor-version":[{"id":170846,"href":"https:\/\/www.caririemacao.com\/1\/wp-json\/wp\/v2\/posts\/170841\/revisions\/170846"}],"wp:featuredmedia":[{"embeddable":true,"href":"https:\/\/www.caririemacao.com\/1\/wp-json\/wp\/v2\/media\/170844"}],"wp:attachment":[{"href":"https:\/\/www.caririemacao.com\/1\/wp-json\/wp\/v2\/media?parent=170841"}],"wp:term":[{"taxonomy":"category","embeddable":true,"href":"https:\/\/www.caririemacao.com\/1\/wp-json\/wp\/v2\/categories?post=170841"},{"taxonomy":"post_tag","embeddable":true,"href":"https:\/\/www.caririemacao.com\/1\/wp-json\/wp\/v2\/tags?post=170841"}],"curies":[{"name":"wp","href":"https:\/\/api.w.org\/{rel}","templated":true}]}}