{"id":170854,"date":"2020-05-22T06:16:29","date_gmt":"2020-05-22T09:16:29","guid":{"rendered":"https:\/\/www.caririemacao.com\/1\/?p=170854"},"modified":"2020-05-22T06:16:29","modified_gmt":"2020-05-22T09:16:29","slug":"inss-informa-inicio-do-pagamento-da-2a-parcela-do-13o-salario","status":"publish","type":"post","link":"https:\/\/www.caririemacao.com\/1\/2020\/05\/22\/inss-informa-inicio-do-pagamento-da-2a-parcela-do-13o-salario\/","title":{"rendered":"INSS informa in\u00edcio do pagamento da 2a parcela do 13\u00ba sal\u00e1rio"},"content":{"rendered":"\n<p>O INSS (Instituto Nacional do Seguro Social) come\u00e7a a pagar, na segunda-feira (25), a segunda parcela do 13\u00ba para 30,8 milh\u00f5es de segurados em todo o pa\u00eds.<\/p>\n\n\n\n<p>Em S\u00e3o Paulo, ser\u00e3o beneficiados com a bonifica\u00e7\u00e3o 7,2 milh\u00f5es de aposentados, pensionistas e demais segurados.<\/p>\n\n\n\n<p>Ao todo, ser\u00e3o injetados R$ 23,8 bilh\u00f5es na economia do pa\u00eds somente com o pagamento do 13\u00ba. Em S\u00e3o Paulo, s\u00e3o R$ 6,8 bilh\u00f5es.<\/p>\n\n\n\n<p>O dinheiro da bonifica\u00e7\u00e3o natalina est\u00e1 sendo antecipado por causa da pandemia do novo coronav\u00edrus.<\/p>\n\n\n\n<p>Em geral, a segunda parcela cai na conta no final do m\u00eas de novembro e no in\u00edcio de dezembro, na compet\u00eancia de benef\u00edcios de novembro.<\/p>\n\n\n\n<p>Os valores ser\u00e3o pagos juntamente com a aposentadoria, a pens\u00e3o ou o aux\u00edlio para quem tem direito ao 13\u00ba.<\/p>\n\n\n\n<p>O calend\u00e1rio de pagamentos come\u00e7ar\u00e1 na segunda (25), com o dep\u00f3sito do dinheiro para quem recebe um sal\u00e1rio m\u00ednimo (R$ 1.045 neste ano), conforme o n\u00famero final do benef\u00edcio, sem o d\u00edgito, e segue at\u00e9 5 de junho.<\/p>\n\n\n\n<p>Segurados com renda mensal acima do piso nacional ter\u00e3o seus pagamentos creditados entre os dias 1\u00ba e 5 de junho.<\/p>\n\n\n\n<p>O dep\u00f3sito tamb\u00e9m \u00e9 feito conforme o numero final do benef\u00edcio, sem considerar o d\u00edgito verificador.<\/p>\n\n\n\n<p>CONSULTA AO VALOR<br>A consulta para saber quanto ir\u00e1 receber pode ser feita no Meu INSS, seja pelo aplicativo ou no site meu.inss.gov.br.<\/p>\n\n\n\n<p>Neste caso, o segurado deve informar o CPF e a senha. A busca \u00e9 feita em \u201cExtrato de pagamento\u201d, \u00e0 esquerda da tela.<\/p>\n\n\n\n<p>A informa\u00e7\u00e3o ainda n\u00e3o est\u00e1 dispon\u00edvel, mas poder\u00e1 ser aberta ainda nesta semana. De qualquer forma, na segunda-feira, quando se iniciam os pagamentos, todos os segurados conseguem consultar o valor que ir\u00e3o receber.<\/p>\n\n\n\n<p>Por lei, tem direito ao 13\u00ba quem, durante o ano, recebeu benef\u00edcio previdenci\u00e1rio de aposentadoria, pens\u00e3o por morte, aux\u00edlio-doen\u00e7a, aux\u00edlio-acidente ou aux\u00edlio-reclus\u00e3o.<\/p>\n\n\n\n<p>Na hip\u00f3tese de cessa\u00e7\u00e3o programada do benef\u00edcio, prevista antes de 31 de dezembro de 2020, ser\u00e1 pago o valor proporcional do abono anual ao benefici\u00e1rio. Nesta parcela, vale lembrar, \u00e9 feito o desconto do Imposto de Renda.<\/p>\n\n\n\n<p>Aqueles que recebem benef\u00edcios assistenciais como BCP\/LOAS (Benef\u00edcio de Presta\u00e7\u00e3o Continuada da Lei Org\u00e2nica da Assist\u00eancia Social) e RMV (Renda Mensal Vital\u00edcia) n\u00e3o t\u00eam direito ao abono anual.<\/p>\n\n\n\n<p>Neste ano, durante a pandemia, quem recebe do INSS por meio do cart\u00e3o magn\u00e9tico pode pedir para que o pagamento seja feito em conta-corrente.<\/p>\n\n\n\n<p>A mudan\u00e7a \u00e9 feita pelo Meu INSS, em \u201cAgendamento\/Solicita\u00e7\u00f5es\u201d, e a conta-corrente tem de estar no nome do benefici\u00e1rio.<\/p>\n\n\n\n<p>A transfer\u00eancia \u00e9 uma op\u00e7\u00e3o para evitar a necessidade de ir \u00e0s ag\u00eancias banc\u00e1rias e correr risco de se expor \u00e0 Covid-19.<\/p>\n","protected":false},"excerpt":{"rendered":"<p>O INSS (Instituto Nacional do Seguro Social) come\u00e7a a pagar, na segunda-feira (25), a segunda parcela do 13\u00ba para 30,8 milh\u00f5es de segurados em todo&hellip; <\/p>\n","protected":false},"author":2,"featured_media":158422,"comment_status":"closed","ping_status":"closed","sticky":false,"template":"","format":"standard","meta":{"sfsi_plus_gutenberg_text_before_share":"","sfsi_plus_gutenberg_show_text_before_share":"","sfsi_plus_gutenberg_icon_type":"","sfsi_plus_gutenberg_icon_alignemt":"","sfsi_plus_gutenburg_max_per_row":"","footnotes":""},"categories":[2],"tags":[],"class_list":["post-170854","post","type-post","status-publish","format-standard","has-post-thumbnail","hentry","category-geral"],"_links":{"self":[{"href":"https:\/\/www.caririemacao.com\/1\/wp-json\/wp\/v2\/posts\/170854","targetHints":{"allow":["GET"]}}],"collection":[{"href":"https:\/\/www.caririemacao.com\/1\/wp-json\/wp\/v2\/posts"}],"about":[{"href":"https:\/\/www.caririemacao.com\/1\/wp-json\/wp\/v2\/types\/post"}],"author":[{"embeddable":true,"href":"https:\/\/www.caririemacao.com\/1\/wp-json\/wp\/v2\/users\/2"}],"replies":[{"embeddable":true,"href":"https:\/\/www.caririemacao.com\/1\/wp-json\/wp\/v2\/comments?post=170854"}],"version-history":[{"count":1,"href":"https:\/\/www.caririemacao.com\/1\/wp-json\/wp\/v2\/posts\/170854\/revisions"}],"predecessor-version":[{"id":170855,"href":"https:\/\/www.caririemacao.com\/1\/wp-json\/wp\/v2\/posts\/170854\/revisions\/170855"}],"wp:featuredmedia":[{"embeddable":true,"href":"https:\/\/www.caririemacao.com\/1\/wp-json\/wp\/v2\/media\/158422"}],"wp:attachment":[{"href":"https:\/\/www.caririemacao.com\/1\/wp-json\/wp\/v2\/media?parent=170854"}],"wp:term":[{"taxonomy":"category","embeddable":true,"href":"https:\/\/www.caririemacao.com\/1\/wp-json\/wp\/v2\/categories?post=170854"},{"taxonomy":"post_tag","embeddable":true,"href":"https:\/\/www.caririemacao.com\/1\/wp-json\/wp\/v2\/tags?post=170854"}],"curies":[{"name":"wp","href":"https:\/\/api.w.org\/{rel}","templated":true}]}}