{"id":170860,"date":"2020-05-22T06:20:08","date_gmt":"2020-05-22T09:20:08","guid":{"rendered":"https:\/\/www.caririemacao.com\/1\/?p=170860"},"modified":"2020-05-22T06:20:08","modified_gmt":"2020-05-22T09:20:08","slug":"governador-defende-agilidade-nas-medidas-de-ajuda-aos-estados-e-municipios","status":"publish","type":"post","link":"https:\/\/www.caririemacao.com\/1\/2020\/05\/22\/governador-defende-agilidade-nas-medidas-de-ajuda-aos-estados-e-municipios\/","title":{"rendered":"Governador defende agilidade nas medidas de ajuda aos estados e munic\u00edpios"},"content":{"rendered":"\n<p>O governador Jo\u00e3o Azev\u00eado participou, nesta quinta-feira (21), de reuni\u00e3o, por meio de videoconfer\u00eancia, com o presidente da Rep\u00fablica,\u00a0Jair Bolsonaro, ocasi\u00e3o em que foi assegurada a san\u00e7\u00e3o do projeto de socorro emergencial aos estados e munic\u00edpios para o enfrentamento dos efeitos decorrentes da pandemia do novo coronav\u00edrus.<\/p>\n\n\n\n<p>O encontro tamb\u00e9m contou com as presen\u00e7as do presidente do Senado Federal, Davi Alcolumbre; do presidente da C\u00e2mara Federal, Rodrigo Maia; e de ministros.<\/p>\n\n\n\n<p>O programa de socorro previsto na proposta aprovada pelo Congresso Nacional destina R$ 60 bilh\u00f5es aos estados e munic\u00edpios para compensa\u00e7\u00e3o de perdas de receita e a\u00e7\u00f5es ocasionadas pela Covid-19.<\/p>\n\n\n\n<p>O chefe do Executivo da Para\u00edba considerou a reuni\u00e3o objetiva.<\/p>\n\n\n\n<p>\u201cO foco foi claro nas discuss\u00f5es do projeto aprovado pelo Congresso Nacional e no pleito dos governadores de agilizar essa medida, que tamb\u00e9m suspende as d\u00edvidas dos Estados com a Uni\u00e3o e com os bancos\u201d, avaliou.<\/p>\n\n\n\n<p>Ele tamb\u00e9m informou que houve um apelo dos governadores para que a primeira parcela do aux\u00edlio pudesse j\u00e1 ser liberada no m\u00eas de maio.<\/p>\n\n\n\n<p>\u201cIsso faria uma diferen\u00e7a significativa para as finan\u00e7as dos Estados e munic\u00edpios do pa\u00eds. A reuni\u00e3o foi extremamente propositiva, respeitosa e que poder\u00e1 ser um marco para que a gente possa, a partir de agora, construir uma rela\u00e7\u00e3o que permita que a gente enfrente essa crise\u201d, observou.<\/p>\n","protected":false},"excerpt":{"rendered":"<p>O governador Jo\u00e3o Azev\u00eado participou, nesta quinta-feira (21), de reuni\u00e3o, por meio de videoconfer\u00eancia, com o presidente da Rep\u00fablica,\u00a0Jair Bolsonaro, ocasi\u00e3o em que foi assegurada&hellip; <\/p>\n","protected":false},"author":2,"featured_media":170861,"comment_status":"closed","ping_status":"closed","sticky":false,"template":"","format":"standard","meta":{"sfsi_plus_gutenberg_text_before_share":"","sfsi_plus_gutenberg_show_text_before_share":"","sfsi_plus_gutenberg_icon_type":"","sfsi_plus_gutenberg_icon_alignemt":"","sfsi_plus_gutenburg_max_per_row":"","footnotes":""},"categories":[11],"tags":[],"class_list":["post-170860","post","type-post","status-publish","format-standard","has-post-thumbnail","hentry","category-politica"],"_links":{"self":[{"href":"https:\/\/www.caririemacao.com\/1\/wp-json\/wp\/v2\/posts\/170860","targetHints":{"allow":["GET"]}}],"collection":[{"href":"https:\/\/www.caririemacao.com\/1\/wp-json\/wp\/v2\/posts"}],"about":[{"href":"https:\/\/www.caririemacao.com\/1\/wp-json\/wp\/v2\/types\/post"}],"author":[{"embeddable":true,"href":"https:\/\/www.caririemacao.com\/1\/wp-json\/wp\/v2\/users\/2"}],"replies":[{"embeddable":true,"href":"https:\/\/www.caririemacao.com\/1\/wp-json\/wp\/v2\/comments?post=170860"}],"version-history":[{"count":1,"href":"https:\/\/www.caririemacao.com\/1\/wp-json\/wp\/v2\/posts\/170860\/revisions"}],"predecessor-version":[{"id":170862,"href":"https:\/\/www.caririemacao.com\/1\/wp-json\/wp\/v2\/posts\/170860\/revisions\/170862"}],"wp:featuredmedia":[{"embeddable":true,"href":"https:\/\/www.caririemacao.com\/1\/wp-json\/wp\/v2\/media\/170861"}],"wp:attachment":[{"href":"https:\/\/www.caririemacao.com\/1\/wp-json\/wp\/v2\/media?parent=170860"}],"wp:term":[{"taxonomy":"category","embeddable":true,"href":"https:\/\/www.caririemacao.com\/1\/wp-json\/wp\/v2\/categories?post=170860"},{"taxonomy":"post_tag","embeddable":true,"href":"https:\/\/www.caririemacao.com\/1\/wp-json\/wp\/v2\/tags?post=170860"}],"curies":[{"name":"wp","href":"https:\/\/api.w.org\/{rel}","templated":true}]}}