{"id":170864,"date":"2020-05-22T06:22:14","date_gmt":"2020-05-22T09:22:14","guid":{"rendered":"https:\/\/www.caririemacao.com\/1\/?p=170864"},"modified":"2020-05-22T06:22:14","modified_gmt":"2020-05-22T09:22:14","slug":"secretario-de-saude-diz-que-paraiba-ja-usa-hidroxicloroquina-desde-marco-para-tratamento-da-covid-19","status":"publish","type":"post","link":"https:\/\/www.caririemacao.com\/1\/2020\/05\/22\/secretario-de-saude-diz-que-paraiba-ja-usa-hidroxicloroquina-desde-marco-para-tratamento-da-covid-19\/","title":{"rendered":"Secret\u00e1rio de Sa\u00fade diz que Para\u00edba j\u00e1 usa hidroxicloroquina desde mar\u00e7o para tratamento da Covid-19"},"content":{"rendered":"\n<p>O secret\u00e1rio de Sa\u00fade da Para\u00edba,&nbsp;Geraldo Medeiros, disse nesta quinta-feira (21) em entrevista ao Correio Debate,&nbsp;que a Para\u00edba utiliza a&nbsp;hidroxicloroquina&nbsp;em pacientes internados com Covid-19 desde mar\u00e7o nos hospitais da Para\u00edba.&nbsp;&nbsp;<\/p>\n\n\n\n<p>\u201cJ\u00e1&nbsp;usamos desde mar\u00e7o essa droga,&nbsp;associada a&nbsp;azitromicina&nbsp;em pacientes hospitalizados, porque achamos que esses pacientes devem ser avaliados com eletrocardiograma com provas de fun\u00e7\u00e3o hep\u00e1tica, se tem algum problema de retina, que podem trazer problemas de contra indica\u00e7\u00e3o a aplica\u00e7\u00e3o da droga\u201d, disse \u00e0 Correio FM.<\/p>\n\n\n\n<p>Geraldo Medeiros revelou ainda que torce para que o medicamento tenha \u00eaxito no tratamento. \u201cEstamos torcendo para que esse medicamento traga a cura para as pessoas&#8221;, explicou.&nbsp;<\/p>\n","protected":false},"excerpt":{"rendered":"<p>O secret\u00e1rio de Sa\u00fade da Para\u00edba,&nbsp;Geraldo Medeiros, disse nesta quinta-feira (21) em entrevista ao Correio Debate,&nbsp;que a Para\u00edba utiliza a&nbsp;hidroxicloroquina&nbsp;em pacientes internados com Covid-19 desde&hellip; <\/p>\n","protected":false},"author":2,"featured_media":170865,"comment_status":"closed","ping_status":"closed","sticky":false,"template":"","format":"standard","meta":{"sfsi_plus_gutenberg_text_before_share":"","sfsi_plus_gutenberg_show_text_before_share":"","sfsi_plus_gutenberg_icon_type":"","sfsi_plus_gutenberg_icon_alignemt":"","sfsi_plus_gutenburg_max_per_row":"","footnotes":""},"categories":[2],"tags":[],"class_list":["post-170864","post","type-post","status-publish","format-standard","has-post-thumbnail","hentry","category-geral"],"_links":{"self":[{"href":"https:\/\/www.caririemacao.com\/1\/wp-json\/wp\/v2\/posts\/170864","targetHints":{"allow":["GET"]}}],"collection":[{"href":"https:\/\/www.caririemacao.com\/1\/wp-json\/wp\/v2\/posts"}],"about":[{"href":"https:\/\/www.caririemacao.com\/1\/wp-json\/wp\/v2\/types\/post"}],"author":[{"embeddable":true,"href":"https:\/\/www.caririemacao.com\/1\/wp-json\/wp\/v2\/users\/2"}],"replies":[{"embeddable":true,"href":"https:\/\/www.caririemacao.com\/1\/wp-json\/wp\/v2\/comments?post=170864"}],"version-history":[{"count":1,"href":"https:\/\/www.caririemacao.com\/1\/wp-json\/wp\/v2\/posts\/170864\/revisions"}],"predecessor-version":[{"id":170866,"href":"https:\/\/www.caririemacao.com\/1\/wp-json\/wp\/v2\/posts\/170864\/revisions\/170866"}],"wp:featuredmedia":[{"embeddable":true,"href":"https:\/\/www.caririemacao.com\/1\/wp-json\/wp\/v2\/media\/170865"}],"wp:attachment":[{"href":"https:\/\/www.caririemacao.com\/1\/wp-json\/wp\/v2\/media?parent=170864"}],"wp:term":[{"taxonomy":"category","embeddable":true,"href":"https:\/\/www.caririemacao.com\/1\/wp-json\/wp\/v2\/categories?post=170864"},{"taxonomy":"post_tag","embeddable":true,"href":"https:\/\/www.caririemacao.com\/1\/wp-json\/wp\/v2\/tags?post=170864"}],"curies":[{"name":"wp","href":"https:\/\/api.w.org\/{rel}","templated":true}]}}