{"id":170872,"date":"2020-05-22T06:31:53","date_gmt":"2020-05-22T09:31:53","guid":{"rendered":"https:\/\/www.caririemacao.com\/1\/?p=170872"},"modified":"2020-05-22T06:31:53","modified_gmt":"2020-05-22T09:31:53","slug":"auxilio-emergencial-transferencia-de-valores-podera-ter-quarentena","status":"publish","type":"post","link":"https:\/\/www.caririemacao.com\/1\/2020\/05\/22\/auxilio-emergencial-transferencia-de-valores-podera-ter-quarentena\/","title":{"rendered":"Aux\u00edlio emergencial: transfer\u00eancia de valores poder\u00e1 ter \u00b4quarentena\u00b4"},"content":{"rendered":"\n<p>O Benefici\u00e1rios do aux\u00edlio emergencial de at\u00e9 R$ 1.200 t\u00eam que aguardar pelo menos dez dias para poderem transferir o valor da segunda parcela para outra conta banc\u00e1ria. A nova regra foi estabelecida por meio de portaria do Minist\u00e9rio da Cidadania.<\/p>\n\n\n\n<p>Nesta nova fase de pagamentos, a transfer\u00eancia para outras contas banc\u00e1rias vai obedecer ao calend\u00e1rio de saques, liberados no per\u00edodo de 30 de maio a 13 de junho para quem n\u00e3o recebe o Bolsa Fam\u00edlia.<\/p>\n\n\n\n<p>No pagamento da primeira parcela, a transfer\u00eancia do valor das contas digitais para outras contas banc\u00e1rias \u00e9 permitida assim que o dinheiro \u00e9 liberado.<\/p>\n\n\n\n<p>Mas, segundo o presidente da Caixa, Pedro Guimar\u00e3es, para evitar aglomera\u00e7\u00f5es nas ag\u00eancias durante a pandemia do novo coronav\u00edrus, agora ser\u00e3o feitas libera\u00e7\u00f5es di\u00e1rias para a transfer\u00eancia da segunda parcela, come\u00e7ando pelos aniversariantes de janeiro em 30 de maio.<\/p>\n\n\n\n<p>At\u00e9 o dia marcado, os benefici\u00e1rios s\u00f3 poder\u00e3o pagar contas e boletos e fazer compras por meio de cart\u00e3o de d\u00e9bito virtual. Tudo pelo aplicativo Caixa Tem.<\/p>\n\n\n\n<p>Se sobrar dinheiro na poupan\u00e7a digital at\u00e9 o dia do saque, o valor poder\u00e1 ser transferido pelo Caixa Tem para qualquer outra conta.<\/p>\n\n\n\n<p>Para quem recebeu a primeira parcela em outro banco, o valor ser\u00e1 transferido automaticamente.<\/p>\n\n\n\n<p>Segundo a Caixa, ap\u00f3s o trabalhador pedir a transfer\u00eancia, o dinheiro normalmente entra na conta indicada no dia seguinte de manh\u00e3, que \u00e9 o tempo para a compensa\u00e7\u00e3o banc\u00e1ria.<\/p>\n\n\n\n<p>O aux\u00edlio emergencial \u00e9 um benef\u00edcio destinado aos trabalhadores informais, MEIs (microempreendedores individuais), aut\u00f4nomos e desempregados durante o per\u00edodo de enfrentamento \u00e0 crise causada pela pandemia do novo coronav\u00edrus.<\/p>\n\n\n\n<p>A ajuda do governo federal \u00e9 feita por meio de tr\u00eas parcelas de R$ 600. As parcelas sobem para R$ 1.200 se as benefici\u00e1rias forem m\u00e3es que, sozinhas, s\u00e3o respons\u00e1veis pelo sustento dos filhos.<\/p>\n\n\n\n<p>Pode solicitar o benef\u00edcio o cidad\u00e3o maior de 18 anos que esteja desempregado ou exer\u00e7a atividade na condi\u00e7\u00e3o de MEI, ou \u00e9 contribuinte individual (obrigat\u00f3rio) da Previd\u00eancia Social ou, ainda, realiza trabalho informal.<\/p>\n\n\n\n<p>Al\u00e9m disso, a renda familiar por pessoa de quem vai pedir o benef\u00edcio n\u00e3o pode ultrapassar meio sal\u00e1rio m\u00ednimo (R$ 522,50), ou cuja renda familiar total seja de at\u00e9 tr\u00eas sal\u00e1rios m\u00ednimos (R$ 3.135).<\/p>\n\n\n\n<p>Quem ainda n\u00e3o fez o pedido do aux\u00edlio, mas cumpre as exig\u00eancias para receber o benef\u00edcio, pode realizar a solicita\u00e7\u00e3o at\u00e9 2 de julho pelo site auxilio.caixa.gov.br ou pelo aplicativo Caixa Aux\u00edlio Emergencial.<\/p>\n\n\n\n<p>A Caixa pagar\u00e1 os valores atrasados para todos que possuem direito e realizarem a solicita\u00e7\u00e3o at\u00e9 2 de julho.<\/p>\n","protected":false},"excerpt":{"rendered":"<p>O Benefici\u00e1rios do aux\u00edlio emergencial de at\u00e9 R$ 1.200 t\u00eam que aguardar pelo menos dez dias para poderem transferir o valor da segunda parcela para&hellip; <\/p>\n","protected":false},"author":2,"featured_media":169935,"comment_status":"closed","ping_status":"closed","sticky":false,"template":"","format":"standard","meta":{"sfsi_plus_gutenberg_text_before_share":"","sfsi_plus_gutenberg_show_text_before_share":"","sfsi_plus_gutenberg_icon_type":"","sfsi_plus_gutenberg_icon_alignemt":"","sfsi_plus_gutenburg_max_per_row":"","footnotes":""},"categories":[50,2],"tags":[],"class_list":["post-170872","post","type-post","status-publish","format-standard","has-post-thumbnail","hentry","category-destaque","category-geral"],"_links":{"self":[{"href":"https:\/\/www.caririemacao.com\/1\/wp-json\/wp\/v2\/posts\/170872","targetHints":{"allow":["GET"]}}],"collection":[{"href":"https:\/\/www.caririemacao.com\/1\/wp-json\/wp\/v2\/posts"}],"about":[{"href":"https:\/\/www.caririemacao.com\/1\/wp-json\/wp\/v2\/types\/post"}],"author":[{"embeddable":true,"href":"https:\/\/www.caririemacao.com\/1\/wp-json\/wp\/v2\/users\/2"}],"replies":[{"embeddable":true,"href":"https:\/\/www.caririemacao.com\/1\/wp-json\/wp\/v2\/comments?post=170872"}],"version-history":[{"count":1,"href":"https:\/\/www.caririemacao.com\/1\/wp-json\/wp\/v2\/posts\/170872\/revisions"}],"predecessor-version":[{"id":170873,"href":"https:\/\/www.caririemacao.com\/1\/wp-json\/wp\/v2\/posts\/170872\/revisions\/170873"}],"wp:featuredmedia":[{"embeddable":true,"href":"https:\/\/www.caririemacao.com\/1\/wp-json\/wp\/v2\/media\/169935"}],"wp:attachment":[{"href":"https:\/\/www.caririemacao.com\/1\/wp-json\/wp\/v2\/media?parent=170872"}],"wp:term":[{"taxonomy":"category","embeddable":true,"href":"https:\/\/www.caririemacao.com\/1\/wp-json\/wp\/v2\/categories?post=170872"},{"taxonomy":"post_tag","embeddable":true,"href":"https:\/\/www.caririemacao.com\/1\/wp-json\/wp\/v2\/tags?post=170872"}],"curies":[{"name":"wp","href":"https:\/\/api.w.org\/{rel}","templated":true}]}}