{"id":170875,"date":"2020-05-22T06:34:14","date_gmt":"2020-05-22T09:34:14","guid":{"rendered":"https:\/\/www.caririemacao.com\/1\/?p=170875"},"modified":"2020-05-22T06:34:14","modified_gmt":"2020-05-22T09:34:14","slug":"geraldo-medeiros-projeta-flexibilizacao-do-isolamento-social-a-partir-de-junho-eu-acho-que-a-populacao-nao-suporta-mais-muito-tempo-e-os-segmentos-economicos","status":"publish","type":"post","link":"https:\/\/www.caririemacao.com\/1\/2020\/05\/22\/geraldo-medeiros-projeta-flexibilizacao-do-isolamento-social-a-partir-de-junho-eu-acho-que-a-populacao-nao-suporta-mais-muito-tempo-e-os-segmentos-economicos\/","title":{"rendered":"Geraldo Medeiros projeta flexibiliza\u00e7\u00e3o do isolamento social a partir de junho: &#8216;eu acho que a popula\u00e7\u00e3o n\u00e3o suporta mais muito tempo, e os segmentos econ\u00f4micos&#8217;"},"content":{"rendered":"\n<p>O secret\u00e1rio de Sa\u00fade da Para\u00edba,&nbsp;Geraldo Medeiros, disse nesta quinta-feira (21) em entrevista ao Correio Debate&nbsp;que existe a possibilidade de&nbsp;flexibiliza\u00e7\u00e3o do isolamento social a partir de junho: &#8220;eu acho que a popula\u00e7\u00e3o n\u00e3o suporta mais muito tempo, e os segmentos econ\u00f4micos&#8221;.<\/p>\n\n\n\n<p>&#8220;N\u00f3s estamos num per\u00edodo j\u00e1 longo de isolamento. Eu acho que a popula\u00e7\u00e3o n\u00e3o suporta mais muito tempo, os segmentos econ\u00f4micos. Ent\u00e3o, \u00e9 claro que n\u00f3s temos essa compreens\u00e3o tamb\u00e9m e acredito que at\u00e9 o final do m\u00eas, n\u00f3s tomamos outras diretrizes na condu\u00e7\u00e3o desse processo. At\u00e9 porque, a nossa esperan\u00e7a, se houver a receptividade da popula\u00e7\u00e3o at\u00e9 o final do m\u00eas, \u00e9 que essa curva comece a entrar num processo de decr\u00e9scimo&#8221;, explicou, revelando que j\u00e1 estuda a perspectiva de iniciar um processo gradual de flexibiliza\u00e7\u00e3o do isolamento.&nbsp;<\/p>\n","protected":false},"excerpt":{"rendered":"<p>O secret\u00e1rio de Sa\u00fade da Para\u00edba,&nbsp;Geraldo Medeiros, disse nesta quinta-feira (21) em entrevista ao Correio Debate&nbsp;que existe a possibilidade de&nbsp;flexibiliza\u00e7\u00e3o do isolamento social a partir&hellip; <\/p>\n","protected":false},"author":2,"featured_media":170773,"comment_status":"closed","ping_status":"closed","sticky":false,"template":"","format":"standard","meta":{"sfsi_plus_gutenberg_text_before_share":"","sfsi_plus_gutenberg_show_text_before_share":"","sfsi_plus_gutenberg_icon_type":"","sfsi_plus_gutenberg_icon_alignemt":"","sfsi_plus_gutenburg_max_per_row":"","footnotes":""},"categories":[2],"tags":[],"class_list":["post-170875","post","type-post","status-publish","format-standard","has-post-thumbnail","hentry","category-geral"],"_links":{"self":[{"href":"https:\/\/www.caririemacao.com\/1\/wp-json\/wp\/v2\/posts\/170875","targetHints":{"allow":["GET"]}}],"collection":[{"href":"https:\/\/www.caririemacao.com\/1\/wp-json\/wp\/v2\/posts"}],"about":[{"href":"https:\/\/www.caririemacao.com\/1\/wp-json\/wp\/v2\/types\/post"}],"author":[{"embeddable":true,"href":"https:\/\/www.caririemacao.com\/1\/wp-json\/wp\/v2\/users\/2"}],"replies":[{"embeddable":true,"href":"https:\/\/www.caririemacao.com\/1\/wp-json\/wp\/v2\/comments?post=170875"}],"version-history":[{"count":1,"href":"https:\/\/www.caririemacao.com\/1\/wp-json\/wp\/v2\/posts\/170875\/revisions"}],"predecessor-version":[{"id":170876,"href":"https:\/\/www.caririemacao.com\/1\/wp-json\/wp\/v2\/posts\/170875\/revisions\/170876"}],"wp:featuredmedia":[{"embeddable":true,"href":"https:\/\/www.caririemacao.com\/1\/wp-json\/wp\/v2\/media\/170773"}],"wp:attachment":[{"href":"https:\/\/www.caririemacao.com\/1\/wp-json\/wp\/v2\/media?parent=170875"}],"wp:term":[{"taxonomy":"category","embeddable":true,"href":"https:\/\/www.caririemacao.com\/1\/wp-json\/wp\/v2\/categories?post=170875"},{"taxonomy":"post_tag","embeddable":true,"href":"https:\/\/www.caririemacao.com\/1\/wp-json\/wp\/v2\/tags?post=170875"}],"curies":[{"name":"wp","href":"https:\/\/api.w.org\/{rel}","templated":true}]}}