{"id":170882,"date":"2020-05-22T06:38:28","date_gmt":"2020-05-22T09:38:28","guid":{"rendered":"https:\/\/www.caririemacao.com\/1\/?p=170882"},"modified":"2020-05-22T06:38:28","modified_gmt":"2020-05-22T09:38:28","slug":"plano-emergencial-de-protecao-a-populacao-de-rua-para-combater-a-covid-19-e-aprovado-na-alpb","status":"publish","type":"post","link":"https:\/\/www.caririemacao.com\/1\/2020\/05\/22\/plano-emergencial-de-protecao-a-populacao-de-rua-para-combater-a-covid-19-e-aprovado-na-alpb\/","title":{"rendered":"Plano emergencial de prote\u00e7\u00e3o \u00e0 popula\u00e7\u00e3o de rua para combater a covid-19 \u00e9 aprovado na ALPB"},"content":{"rendered":"\n<p>A Assembleia Legislativa da Para\u00edba (ALPB) aprovou nesta quinta-feira (21) o projeto de Lei 1.731\/2020, apresentado pelo presidente Adriano Galdino, que cria o Plano Emergencial para a Prote\u00e7\u00e3o de Pessoas em Situa\u00e7\u00e3o de Rua. O texto do PL determina que durante o per\u00edodo de pandemia seja garantido a estas pessoas servi\u00e7os e programas que integram as pol\u00edticas p\u00fablicas de assist\u00eancia social, habita\u00e7\u00e3o e cuidados m\u00e9dicos \u00e0quelas que venham a contrair a Covid-19.<\/p>\n\n\n\n<p>O projeto, elaborado pelo Instituto Projeto P\u00fablico e assumido pelo presidente Adriano Galdino, delega aos munic\u00edpios a implanta\u00e7\u00e3o de medidas preventivas \u00e0 propaga\u00e7\u00e3o do novo coronav\u00edrus (Covid-19) entre a popula\u00e7\u00e3o em situa\u00e7\u00e3o de rua. As medidas apresentadas no texto t\u00eam como base diretrizes da Pol\u00edtica Nacional para a Popula\u00e7\u00e3o em Situa\u00e7\u00e3o de Rua e os tratados internacionais sobre a defesa dos direitos humanos. O texto segue agora para a san\u00e7\u00e3o do Poder Executivo Estadual.<\/p>\n\n\n\n<p>A mat\u00e9ria prev\u00ea que no atual momento de pandemia \u00e9 preciso fornecer a todos o acesso aos cuidados necess\u00e1rios para o combate \u00e0 Covid-19, como abrigos, para que a popula\u00e7\u00e3o em situa\u00e7\u00e3o de rua cumpra o isolamento social, al\u00e9m de garantir prote\u00e7\u00e3o \u00e0s pessoas idosas, pessoas com doen\u00e7as cr\u00f4nicas, bem como portadores de doen\u00e7as respirat\u00f3rias e outras comorbidades preexistentes, que podem ter o estado de sa\u00fade agravado a partir do cont\u00e1gio pelo novo coronav\u00edrus.<\/p>\n\n\n\n<p>O presidente Adriano Galdino lembrou que o PL foi amplamente debatido e conta com o apoio de 39 entidades que atuam em prote\u00e7\u00e3o a popula\u00e7\u00e3o em situa\u00e7\u00e3o de rua em todo o pa\u00eds.&nbsp; \u201cQuero agradecer a todos que deram contribui\u00e7\u00e3o a elabora\u00e7\u00e3o desse projeto, que foi bastante discutido. Agrade\u00e7o, principalmente a todas as entidades que dialogaram comigo e fizeram quest\u00e3o de contribuir, em especial ao Instituto Projeto P\u00fablico, que foi uma pe\u00e7a fundamental na constru\u00e7\u00e3o desse texto\u201d, declarou o presidente.<\/p>\n\n\n\n<p>V\u00e1rios deputados subscreveram o projeto de Lei. A deputada Pollyanna Dutra elogiou a a\u00e7\u00e3o do presidente Adriano Galdino por demonstrar preocupa\u00e7\u00e3o com os mais vulner\u00e1veis, principalmente, diante da atual crise sanit\u00e1ria que aflige o pa\u00eds. Para a parlamentar, a aprova\u00e7\u00e3o do texto demonstra o dever e a solidariedade com os paraibanos que mais precisam.<\/p>\n\n\n\n<p>\u201cEm um momento como esse, o presidente teve a sensibilidade de perceber que essas pessoas tamb\u00e9m t\u00eam relev\u00e2ncia. Essa popula\u00e7\u00e3o merece a nossa solidariedade. H\u00e1 nesse Projeto de Lei muita nobreza. Essas pessoas ter\u00e3o acesso aos cuidados necess\u00e1rios para a preven\u00e7\u00e3o da pandemia\u201d, declarou a deputada Pollyanna Dutra.<\/p>\n","protected":false},"excerpt":{"rendered":"<p>A Assembleia Legislativa da Para\u00edba (ALPB) aprovou nesta quinta-feira (21) o projeto de Lei 1.731\/2020, apresentado pelo presidente Adriano Galdino, que cria o Plano Emergencial&hellip; <\/p>\n","protected":false},"author":2,"featured_media":170883,"comment_status":"closed","ping_status":"closed","sticky":false,"template":"","format":"standard","meta":{"sfsi_plus_gutenberg_text_before_share":"","sfsi_plus_gutenberg_show_text_before_share":"","sfsi_plus_gutenberg_icon_type":"","sfsi_plus_gutenberg_icon_alignemt":"","sfsi_plus_gutenburg_max_per_row":"","footnotes":""},"categories":[11],"tags":[],"class_list":["post-170882","post","type-post","status-publish","format-standard","has-post-thumbnail","hentry","category-politica"],"_links":{"self":[{"href":"https:\/\/www.caririemacao.com\/1\/wp-json\/wp\/v2\/posts\/170882","targetHints":{"allow":["GET"]}}],"collection":[{"href":"https:\/\/www.caririemacao.com\/1\/wp-json\/wp\/v2\/posts"}],"about":[{"href":"https:\/\/www.caririemacao.com\/1\/wp-json\/wp\/v2\/types\/post"}],"author":[{"embeddable":true,"href":"https:\/\/www.caririemacao.com\/1\/wp-json\/wp\/v2\/users\/2"}],"replies":[{"embeddable":true,"href":"https:\/\/www.caririemacao.com\/1\/wp-json\/wp\/v2\/comments?post=170882"}],"version-history":[{"count":1,"href":"https:\/\/www.caririemacao.com\/1\/wp-json\/wp\/v2\/posts\/170882\/revisions"}],"predecessor-version":[{"id":170884,"href":"https:\/\/www.caririemacao.com\/1\/wp-json\/wp\/v2\/posts\/170882\/revisions\/170884"}],"wp:featuredmedia":[{"embeddable":true,"href":"https:\/\/www.caririemacao.com\/1\/wp-json\/wp\/v2\/media\/170883"}],"wp:attachment":[{"href":"https:\/\/www.caririemacao.com\/1\/wp-json\/wp\/v2\/media?parent=170882"}],"wp:term":[{"taxonomy":"category","embeddable":true,"href":"https:\/\/www.caririemacao.com\/1\/wp-json\/wp\/v2\/categories?post=170882"},{"taxonomy":"post_tag","embeddable":true,"href":"https:\/\/www.caririemacao.com\/1\/wp-json\/wp\/v2\/tags?post=170882"}],"curies":[{"name":"wp","href":"https:\/\/api.w.org\/{rel}","templated":true}]}}