{"id":170886,"date":"2020-05-22T06:41:40","date_gmt":"2020-05-22T09:41:40","guid":{"rendered":"https:\/\/www.caririemacao.com\/1\/?p=170886"},"modified":"2020-05-22T06:41:40","modified_gmt":"2020-05-22T09:41:40","slug":"sao-joao-do-cariri-confirma-seu-primeiro-caso-de-covid-19-paciente-nao-reside-no-municipio","status":"publish","type":"post","link":"https:\/\/www.caririemacao.com\/1\/2020\/05\/22\/sao-joao-do-cariri-confirma-seu-primeiro-caso-de-covid-19-paciente-nao-reside-no-municipio\/","title":{"rendered":"S\u00e3o Jo\u00e3o do Cariri confirma seu primeiro caso de Covid-19; paciente n\u00e3o reside no munic\u00edpio"},"content":{"rendered":"\n<p>A Prefeitura de S\u00e3o Jo\u00e3o do Cariri atrav\u00e9s da Secretaria Municipal de Sa\u00fade registrou na noite desta quinta-feira(21) o primeiro caso confirmado de Covid-19 (novo coronav\u00edrus) no munic\u00edpio.<\/p>\n\n\n\n<p>A Secretaria Municipal de Sa\u00fade atualizou os dados e informa\u00e7\u00f5es relacionadas ao Covid-19 e constatou o primeiro caso confirmado no sistema e-SUS-VE. O caso trata-se de um paciente que n\u00e3o reside em S\u00e3o Jo\u00e3o do Cariri, como tamb\u00e9m n\u00e3o esteve no munic\u00edpio nos \u00faltimos meses, mas como seu cart\u00e3o do SUS permanece com endere\u00e7o municipal, automaticamente os dados s\u00e3o contabilizados para o endere\u00e7o na qual foi cadastrado.<\/p>\n\n\n\n<p>No decorrer da semana a unidade municipal de sa\u00fade realizou testes r\u00e1pidos em 04 pacientes na qual todos testaram negativo para o novo v\u00edrus.<\/p>\n\n\n\n<p>Segundo os dados do boletim epidemiol\u00f3gico, S\u00e3o Jo\u00e3o do Cariri ainda registra 10 casos suspeitos que seguem sendo monitorados pela unidade municipal de Sa\u00fade.<\/p>\n\n\n\n<p>A Prefeitura de S\u00e3o Jo\u00e3o do Cariri pede que a popula\u00e7\u00e3o continue mantendo os cuidados e medidas de prote\u00e7\u00e3o e ao perceber sintomas procure o servi\u00e7o municipal de sa\u00fade.<\/p>\n\n\n\n<p>Al\u00e9m de S\u00e3o Jo\u00e3o do Cariri, os munic\u00edpios de Ouro Velho e Cabaceiras tamb\u00e9m confirmaram no dia de hoje os seus primeiros casos da doen\u00e7a.<\/p>\n\n\n\n<div class=\"wp-block-image\"><figure class=\"aligncenter\"><img decoding=\"async\" data-src=\"http:\/\/deolhonocariri.com.br\/wp-content\/uploads\/2020\/05\/99299324_2631579887098789_3859935972758126592_n.jpg\" alt=\"\" class=\"wp-image-82806 lazyload\" src=\"data:image\/svg+xml;base64,PHN2ZyB3aWR0aD0iMSIgaGVpZ2h0PSIxIiB4bWxucz0iaHR0cDovL3d3dy53My5vcmcvMjAwMC9zdmciPjwvc3ZnPg==\" \/><\/figure><\/div>\n\n\n\n<p>De Olho no Cariri<\/p>\n","protected":false},"excerpt":{"rendered":"<p>A Prefeitura de S\u00e3o Jo\u00e3o do Cariri atrav\u00e9s da Secretaria Municipal de Sa\u00fade registrou na noite desta quinta-feira(21) o primeiro caso confirmado de Covid-19 (novo&hellip; <\/p>\n","protected":false},"author":2,"featured_media":161390,"comment_status":"closed","ping_status":"closed","sticky":false,"template":"","format":"standard","meta":{"sfsi_plus_gutenberg_text_before_share":"","sfsi_plus_gutenberg_show_text_before_share":"","sfsi_plus_gutenberg_icon_type":"","sfsi_plus_gutenberg_icon_alignemt":"","sfsi_plus_gutenburg_max_per_row":"","footnotes":""},"categories":[6],"tags":[],"class_list":["post-170886","post","type-post","status-publish","format-standard","has-post-thumbnail","hentry","category-cidades"],"_links":{"self":[{"href":"https:\/\/www.caririemacao.com\/1\/wp-json\/wp\/v2\/posts\/170886","targetHints":{"allow":["GET"]}}],"collection":[{"href":"https:\/\/www.caririemacao.com\/1\/wp-json\/wp\/v2\/posts"}],"about":[{"href":"https:\/\/www.caririemacao.com\/1\/wp-json\/wp\/v2\/types\/post"}],"author":[{"embeddable":true,"href":"https:\/\/www.caririemacao.com\/1\/wp-json\/wp\/v2\/users\/2"}],"replies":[{"embeddable":true,"href":"https:\/\/www.caririemacao.com\/1\/wp-json\/wp\/v2\/comments?post=170886"}],"version-history":[{"count":1,"href":"https:\/\/www.caririemacao.com\/1\/wp-json\/wp\/v2\/posts\/170886\/revisions"}],"predecessor-version":[{"id":170887,"href":"https:\/\/www.caririemacao.com\/1\/wp-json\/wp\/v2\/posts\/170886\/revisions\/170887"}],"wp:featuredmedia":[{"embeddable":true,"href":"https:\/\/www.caririemacao.com\/1\/wp-json\/wp\/v2\/media\/161390"}],"wp:attachment":[{"href":"https:\/\/www.caririemacao.com\/1\/wp-json\/wp\/v2\/media?parent=170886"}],"wp:term":[{"taxonomy":"category","embeddable":true,"href":"https:\/\/www.caririemacao.com\/1\/wp-json\/wp\/v2\/categories?post=170886"},{"taxonomy":"post_tag","embeddable":true,"href":"https:\/\/www.caririemacao.com\/1\/wp-json\/wp\/v2\/tags?post=170886"}],"curies":[{"name":"wp","href":"https:\/\/api.w.org\/{rel}","templated":true}]}}