{"id":170890,"date":"2020-05-22T06:49:22","date_gmt":"2020-05-22T09:49:22","guid":{"rendered":"https:\/\/www.caririemacao.com\/1\/?p=170890"},"modified":"2020-05-22T06:49:22","modified_gmt":"2020-05-22T09:49:22","slug":"valor-do-bolsa-familia-deve-ser-referencia-para-prorrogacao-de-auxilio-emergencial-diz-secretario-da-economia","status":"publish","type":"post","link":"https:\/\/www.caririemacao.com\/1\/2020\/05\/22\/valor-do-bolsa-familia-deve-ser-referencia-para-prorrogacao-de-auxilio-emergencial-diz-secretario-da-economia\/","title":{"rendered":"Valor do Bolsa Fam\u00edlia deve ser refer\u00eancia para prorroga\u00e7\u00e3o de aux\u00edlio emergencial, diz secret\u00e1rio da Economia"},"content":{"rendered":"\n<p>O secret\u00e1rio especial da Fazenda do Minist\u00e9rio da Economia, Waldery Rodrigues, confirmou nesta quinta-feira (21) que o governo avalia um valor menor caso o aux\u00edlio emergencial a trabalhadores informais, microempreendedores individuais e desempregados seja prorrogado.<\/p>\n\n\n\n<p>Segundo ele, o valor que dever\u00e1 servir de refer\u00eancia \u00e9 o benef\u00edcio m\u00e9dio do programa Bolsa Fam\u00edlia \u2014 aproximadamente R$ 200.<\/p>\n\n\n\n<p>Nesta quarta (20), a Folha de S.Paulo informou que o ministro Paulo Guedes (Economia) admite prorrogar o aux\u00edlio emergencial por mais um ou dois meses, mas com valor de R$ 200 por pessoa.<\/p>\n\n\n\n<p>O Or\u00e7amento prev\u00ea atualmente que a ajuda emergencial ir\u00e1 durar tr\u00eas meses e com um valor de R$ 600 por benefici\u00e1rio. No entanto, o Congresso j\u00e1 discute prorrogar essa medida, criada para tentar suavizar a crise econ\u00f4mica causada pela pandemia do novo coronav\u00edrus.<\/p>\n\n\n\n<p>Waldery disse que, inicialmente, se esperava gastar cerca de R$ 98 bilh\u00f5es com o programa de socorro a trabalhadores informais, mas, com a alta demanda, esse valor j\u00e1 ultrapassa a marca de R$ 150 bilh\u00f5es.<\/p>\n\n\n\n<p>Para o secret\u00e1rio, isso representa um custo elevado quando comparado com o or\u00e7amento anual do Bolsa Fam\u00edlia, de aproximadamente R$ 32 bilh\u00f5es.<br>Ele defende, ent\u00e3o, que eventual prorroga\u00e7\u00e3o do programa de aux\u00edlio emergencial tenha que desenhada &#8220;com um olhar mais cauteloso em rela\u00e7\u00e3o \u00e0 quest\u00e3o fiscal&#8221;.<\/p>\n\n\n\n<p>&#8220;Chegaremos a uma solu\u00e7\u00e3o intermedi\u00e1ria. N\u00e3o no mesmo perfil de hoje. E uma possibilidade de referencial \u00e9 exatamente o valor trazido pelo Bolsa Fam\u00edlia&#8221;, declarou o auxiliar de Guedes.<\/p>\n","protected":false},"excerpt":{"rendered":"<p>O secret\u00e1rio especial da Fazenda do Minist\u00e9rio da Economia, Waldery Rodrigues, confirmou nesta quinta-feira (21) que o governo avalia um valor menor caso o aux\u00edlio&hellip; <\/p>\n","protected":false},"author":2,"featured_media":160692,"comment_status":"closed","ping_status":"closed","sticky":false,"template":"","format":"standard","meta":{"sfsi_plus_gutenberg_text_before_share":"","sfsi_plus_gutenberg_show_text_before_share":"","sfsi_plus_gutenberg_icon_type":"","sfsi_plus_gutenberg_icon_alignemt":"","sfsi_plus_gutenburg_max_per_row":"","footnotes":""},"categories":[50,2],"tags":[],"class_list":["post-170890","post","type-post","status-publish","format-standard","has-post-thumbnail","hentry","category-destaque","category-geral"],"_links":{"self":[{"href":"https:\/\/www.caririemacao.com\/1\/wp-json\/wp\/v2\/posts\/170890","targetHints":{"allow":["GET"]}}],"collection":[{"href":"https:\/\/www.caririemacao.com\/1\/wp-json\/wp\/v2\/posts"}],"about":[{"href":"https:\/\/www.caririemacao.com\/1\/wp-json\/wp\/v2\/types\/post"}],"author":[{"embeddable":true,"href":"https:\/\/www.caririemacao.com\/1\/wp-json\/wp\/v2\/users\/2"}],"replies":[{"embeddable":true,"href":"https:\/\/www.caririemacao.com\/1\/wp-json\/wp\/v2\/comments?post=170890"}],"version-history":[{"count":1,"href":"https:\/\/www.caririemacao.com\/1\/wp-json\/wp\/v2\/posts\/170890\/revisions"}],"predecessor-version":[{"id":170891,"href":"https:\/\/www.caririemacao.com\/1\/wp-json\/wp\/v2\/posts\/170890\/revisions\/170891"}],"wp:featuredmedia":[{"embeddable":true,"href":"https:\/\/www.caririemacao.com\/1\/wp-json\/wp\/v2\/media\/160692"}],"wp:attachment":[{"href":"https:\/\/www.caririemacao.com\/1\/wp-json\/wp\/v2\/media?parent=170890"}],"wp:term":[{"taxonomy":"category","embeddable":true,"href":"https:\/\/www.caririemacao.com\/1\/wp-json\/wp\/v2\/categories?post=170890"},{"taxonomy":"post_tag","embeddable":true,"href":"https:\/\/www.caririemacao.com\/1\/wp-json\/wp\/v2\/tags?post=170890"}],"curies":[{"name":"wp","href":"https:\/\/api.w.org\/{rel}","templated":true}]}}