{"id":170893,"date":"2020-05-22T06:51:33","date_gmt":"2020-05-22T09:51:33","guid":{"rendered":"https:\/\/www.caririemacao.com\/1\/?p=170893"},"modified":"2020-05-22T06:51:33","modified_gmt":"2020-05-22T09:51:33","slug":"governo-estuda-aplicar-enem-2020-em-apenas-um-dia-por-causa-do-coronavirus","status":"publish","type":"post","link":"https:\/\/www.caririemacao.com\/1\/2020\/05\/22\/governo-estuda-aplicar-enem-2020-em-apenas-um-dia-por-causa-do-coronavirus\/","title":{"rendered":"Governo estuda aplicar Enem 2020 em apenas um dia por causa do coronav\u00edrus"},"content":{"rendered":"\n<p>O Inep (Instituto Nacional de Estudos e Pesquisas Educacionais) estuda aplicar o Enem 2020 em apenas um dia, n\u00e3o em dois como ocorre normalmente. O objetivo principal seria minimizar o contato entre os participantes em meio \u00e0 pandemia do coronav\u00edrus e reduzir riscos de contamina\u00e7\u00e3o.<\/p>\n\n\n\n<p>Para aplicar o exame em apenas um dia, t\u00e9cnicos do \u00f3rg\u00e3o, ligado ao MEC (Minist\u00e9rio da Educa\u00e7\u00e3o), analisam a redu\u00e7\u00e3o no n\u00famero de quest\u00f5es. A ideia \u00e9 forte dentro do Inep, mas a an\u00e1lise ainda \u00e9 inicial por conta de desafios metodol\u00f3gicos.<\/p>\n\n\n\n<p>Atualmente, o Enem \u00e9 dividido em dois dias, com provas de 90 quest\u00f5es a cada dia \u2013 al\u00e9m da reda\u00e7\u00e3o, aplicada no primeiro dia. Os candidatos tinham 5h30 no primeiro dia e 5h para as provas finais.<\/p>\n\n\n\n<p>O governo Jair Bolsonaro (sem partido) confirmou na quarta-feira (20) o adiamento do Enem em 30 ou at\u00e9 60 dias, sem definir datas exatas at\u00e9 agora. O ministro Abraham Weintraub (Educa\u00e7\u00e3o) vinha ignorando pedidos de secret\u00e1rios de Educa\u00e7\u00e3o para mudar as datas, mas s\u00f3 mudou de postura ap\u00f3s uma iminente derrota no Congresso.<\/p>\n\n\n\n<p>O Senado j\u00e1 aprovou projeto para o adiamento do Enem e a mat\u00e9ria est\u00e1 na C\u00e2mara. O pr\u00f3prio Bolsonaro deu aval para a altera\u00e7\u00e3o ap\u00f3s ser informado de que n\u00e3o haveria condi\u00e7\u00f5es de segurar o tema no legislativo.<\/p>\n\n\n\n<p>As provas estavam marcadas para os dias 1\u00ba e 8 de novembro (em papel) e 22 e 29 do mesmo m\u00eas (em computador). Dessa forma, o governo considera aplica-las em dezembro ou janeiro.<\/p>\n\n\n\n<p>Segundo t\u00e9cnicos do instituto, o maior desafio seria chegar a um n\u00famero ideal de quest\u00f5es que possibilite uma prova n\u00e3o muito longa e ainda atenda aos par\u00e2metros estat\u00edsticos. O Enem \u00e9 formulado com um modelo matem\u00e1tico chamado TRI (Teoria de Resposta ao Item) em que as quest\u00f5es s\u00e3o calibradas quanto \u00e0 dificuldade, entre outras caracter\u00edsticas.<\/p>\n\n\n\n<p>Com um n\u00famero reduzido de perguntas tamb\u00e9m fica reduzida a precis\u00e3o estat\u00edstica, disse \u00e0 Folha um especialista do MEC, sob condi\u00e7\u00e3o de anonimato. A TRI \u00e9 que permitiria, por exemplo, o mesmo n\u00edvel de dificuldade entre as provas em papel e digital, garantindo, assim, condi\u00e7\u00f5es iguais de disputa entre os dois grupos de candidatos.<\/p>\n\n\n\n<p>A redu\u00e7\u00e3o da prova levaria a uma consequente diminui\u00e7\u00e3o de conte\u00fados exigidos, o que n\u00e3o n\u00e3o seria um problema consider\u00e1vel na avalia\u00e7\u00e3o do Inep.<\/p>\n\n\n\n<p>O adiamento de provas de acesso ao ensino superior tamb\u00e9m ocorreu na maioria dos pa\u00edses com avalia\u00e7\u00f5es similares ao Enem. Entre os cinco pa\u00edses que mantiveram as datas, Chile e Egito fizeram adapta\u00e7\u00f5es para exigir apenas conte\u00fados de anos anteriores ou j\u00e1 abordados antes do fechamento da escola.<\/p>\n\n\n\n<p>O Enem \u00e9 a principal porta de entrada do ensino superior p\u00fablico. Neste ano, foram oferecidas 237.128 vagas em universidades para quem fez o exame.<\/p>\n\n\n\n<p>At\u00e9 esta quinta, 4.637.801 de pessoas se inscreveram no Enem 2020, segundo informa\u00e7\u00f5es divulgadas pelo pr\u00f3prio ministro. As inscri\u00e7\u00f5es se encerram nesta sexta-feira (22).<\/p>\n\n\n\n<p>Tamb\u00e9m est\u00e3o em c\u00e1lculo gastos extras com medidas sanit\u00e1rias para aplica\u00e7\u00e3o do exame.<\/p>\n\n\n\n<p>Seria necess\u00e1rio alocar mais salas de aplica\u00e7\u00e3o das provas para garantir maior dist\u00e2ncia entre alunos. Isso demandaria mais aplicadores e equipamentos de prote\u00e7\u00e3o, como m\u00e1scara e \u00e1lcool em gel.<\/p>\n\n\n\n<p>Weintraub insiste em fazer uma consulta p\u00fablica sobre o adiamento do Enem. Ainda n\u00e3o h\u00e1 defini\u00e7\u00e3o se a realiza\u00e7\u00e3o da prova em apenas um dia estaria entre as perguntas.<\/p>\n","protected":false},"excerpt":{"rendered":"<p>O Inep (Instituto Nacional de Estudos e Pesquisas Educacionais) estuda aplicar o Enem 2020 em apenas um dia, n\u00e3o em dois como ocorre normalmente. O&hellip; <\/p>\n","protected":false},"author":2,"featured_media":136648,"comment_status":"closed","ping_status":"closed","sticky":false,"template":"","format":"standard","meta":{"sfsi_plus_gutenberg_text_before_share":"","sfsi_plus_gutenberg_show_text_before_share":"","sfsi_plus_gutenberg_icon_type":"","sfsi_plus_gutenberg_icon_alignemt":"","sfsi_plus_gutenburg_max_per_row":"","footnotes":""},"categories":[50,14],"tags":[],"class_list":["post-170893","post","type-post","status-publish","format-standard","has-post-thumbnail","hentry","category-destaque","category-educacao"],"_links":{"self":[{"href":"https:\/\/www.caririemacao.com\/1\/wp-json\/wp\/v2\/posts\/170893","targetHints":{"allow":["GET"]}}],"collection":[{"href":"https:\/\/www.caririemacao.com\/1\/wp-json\/wp\/v2\/posts"}],"about":[{"href":"https:\/\/www.caririemacao.com\/1\/wp-json\/wp\/v2\/types\/post"}],"author":[{"embeddable":true,"href":"https:\/\/www.caririemacao.com\/1\/wp-json\/wp\/v2\/users\/2"}],"replies":[{"embeddable":true,"href":"https:\/\/www.caririemacao.com\/1\/wp-json\/wp\/v2\/comments?post=170893"}],"version-history":[{"count":1,"href":"https:\/\/www.caririemacao.com\/1\/wp-json\/wp\/v2\/posts\/170893\/revisions"}],"predecessor-version":[{"id":170894,"href":"https:\/\/www.caririemacao.com\/1\/wp-json\/wp\/v2\/posts\/170893\/revisions\/170894"}],"wp:featuredmedia":[{"embeddable":true,"href":"https:\/\/www.caririemacao.com\/1\/wp-json\/wp\/v2\/media\/136648"}],"wp:attachment":[{"href":"https:\/\/www.caririemacao.com\/1\/wp-json\/wp\/v2\/media?parent=170893"}],"wp:term":[{"taxonomy":"category","embeddable":true,"href":"https:\/\/www.caririemacao.com\/1\/wp-json\/wp\/v2\/categories?post=170893"},{"taxonomy":"post_tag","embeddable":true,"href":"https:\/\/www.caririemacao.com\/1\/wp-json\/wp\/v2\/tags?post=170893"}],"curies":[{"name":"wp","href":"https:\/\/api.w.org\/{rel}","templated":true}]}}