{"id":170899,"date":"2020-05-22T06:56:35","date_gmt":"2020-05-22T09:56:35","guid":{"rendered":"https:\/\/www.caririemacao.com\/1\/?p=170899"},"modified":"2020-05-22T06:56:35","modified_gmt":"2020-05-22T09:56:35","slug":"auxilio-emergencial-caixa-credita-beneficio-a-mais-79-milhoes-de-trabalhadores","status":"publish","type":"post","link":"https:\/\/www.caririemacao.com\/1\/2020\/05\/22\/auxilio-emergencial-caixa-credita-beneficio-a-mais-79-milhoes-de-trabalhadores\/","title":{"rendered":"Aux\u00edlio Emergencial: Caixa credita benef\u00edcio a mais 7,9 milh\u00f5es de trabalhadores"},"content":{"rendered":"\n<p>A Caixa Econ\u00f4mica Federal (CEF) credita nesta sexta-feira (22) novos lotes do Aux\u00edlio Emergencial, tanto da primeira parcela, para novos aprovados, quanto da segunda, para quem recebeu a anterior at\u00e9 30 de abril. Ao todo, o benef\u00edcio ser\u00e1 pago a 7,9 milh\u00f5es de trabalhadores, segundo o banco.<\/p>\n\n\n\n<p><strong>Veja quem recebe nesta sexta:<\/strong><\/p>\n\n\n\n<ul class=\"wp-block-list\"><li>Segunda parcela: 5,3 milh\u00f5es trabalhadores inscritos no Cadastro \u00danico ou que se cadastraram atrav\u00e9s do aplicativo e do site, e que receberam a primeira parcela at\u00e9 30 de abril, nascidos em maio e junho<\/li><li>Segunda parcela: 1,9 milh\u00e3o de trabalhadores benefici\u00e1rios do Bolsa Fam\u00edlia, cujo NIS termina em 5<\/li><li>Primeira parcela: 0,7 milh\u00e3o de trabalhadores do novo lote de aprovados do benef\u00edcio, nascidos em abril<\/li><\/ul>\n\n\n\n<p>Os trabalhadores podem consultar a situa\u00e7\u00e3o do benef\u00edcio pelo aplicativo do aux\u00edlio emergencial ou pelo site auxilio.caixa.gov.br.<\/p>\n\n\n\n<p><strong>Dep\u00f3sito em poupan\u00e7a digital e restri\u00e7\u00e3o para saque e transfer\u00eancias<\/strong><\/p>\n\n\n\n<p>Para os benefici\u00e1rios que v\u00e3o receber a segunda segunda parcela e n\u00e3o fazem parte do Bolsa Fam\u00edlia, os pagamentos trazem mais restri\u00e7\u00f5es: todos v\u00e3o receber por meio de conta poupan\u00e7a digital da Caixa &#8211; mesmo quem recebeu a primeira parcela em outra conta.<\/p>\n\n\n\n<p>Al\u00e9m disso, a poupan\u00e7a digital n\u00e3o vai permitir transfer\u00eancias inicialmente &#8211; apenas pagamento de contas, de boletos e compras por meio do cart\u00e3o de d\u00e9bito virtual. Transfer\u00eancias para outras contas e saques s\u00f3 ser\u00e3o liberados a partir de 30 de maio.<\/p>\n\n\n\n<p><strong>Primeira parcela para novos aprovados<\/strong><\/p>\n\n\n\n<p>A primeira parcela para esse novo grupo ser\u00e1 creditada na conta escolhida pelo benefici\u00e1rio, da forma como receberam os primeiros benefici\u00e1rios: nas contas da Caixa, na Poupan\u00e7a Social Digital ou em contas de outros bancos. Esses benefici\u00e1rios tamb\u00e9m poder\u00e3o fazer o saque em esp\u00e9cie do aux\u00edlio na data da libera\u00e7\u00e3o.<\/p>\n\n\n\n<p><strong>Veja como ficou o calend\u00e1rio de pagamento da 1\u00aa parcela para novos aprovados:<\/strong><\/p>\n\n\n\n<p>19 de maio (ter\u00e7a): nascidos em janeiro<br>20 de maio (quarta): nascidos em fevereiro<br>21 de maio (quinta): nascidos em mar\u00e7o<br>22 de maio (sexta): nascidos em abril<br>23 de maio (s\u00e1bado): nascidos em maio, junho ou julho<br>25 de maio (segunda): nascidos em agosto<br>26 de maio (ter\u00e7a): nascidos em setembro<br>27 de maio (quarta): nascidos em outubro<br>28 de maio (quinta): nascidos em novembro<br>29 de maio (sexta): nascidos em dezembro<\/p>\n\n\n\n<p><strong>Calend\u00e1rio da 2\u00aa parcela<\/strong><\/p>\n\n\n\n<p>O calend\u00e1rio do pagamento da 2\u00aa parcela do Aux\u00edlio Emergencial come\u00e7ou na segunda-feira (18) e seguir\u00e1 at\u00e9 13 de junho. O calend\u00e1rio da terceira parcela, que estava prevista para maio, continua sem defini\u00e7\u00e3o.<\/p>\n\n\n\n<p>O calend\u00e1rio da segunda parcela vale apenas para quem recebeu a primeira parcela at\u00e9 30 de abril. O governo n\u00e3o informou quando vai pagar a segunda parcela para quem receber a primeira depois desta data.<\/p>\n\n\n\n<p><strong>S\u00e3o 3 calend\u00e1rios:<\/strong><\/p>\n\n\n\n<p>um para recebimento em poupan\u00e7a social<br>um para saque em esp\u00e9cie para benefici\u00e1rios do Bolsa Fam\u00edlia<br>um para saque em esp\u00e9cie para poupan\u00e7a social e transfer\u00eancia de recursos<\/p>\n","protected":false},"excerpt":{"rendered":"<p>A Caixa Econ\u00f4mica Federal (CEF) credita nesta sexta-feira (22) novos lotes do Aux\u00edlio Emergencial, tanto da primeira parcela, para novos aprovados, quanto da segunda, para&hellip; <\/p>\n","protected":false},"author":2,"featured_media":168117,"comment_status":"closed","ping_status":"closed","sticky":false,"template":"","format":"standard","meta":{"sfsi_plus_gutenberg_text_before_share":"","sfsi_plus_gutenberg_show_text_before_share":"","sfsi_plus_gutenberg_icon_type":"","sfsi_plus_gutenberg_icon_alignemt":"","sfsi_plus_gutenburg_max_per_row":"","footnotes":""},"categories":[2],"tags":[],"class_list":["post-170899","post","type-post","status-publish","format-standard","has-post-thumbnail","hentry","category-geral"],"_links":{"self":[{"href":"https:\/\/www.caririemacao.com\/1\/wp-json\/wp\/v2\/posts\/170899","targetHints":{"allow":["GET"]}}],"collection":[{"href":"https:\/\/www.caririemacao.com\/1\/wp-json\/wp\/v2\/posts"}],"about":[{"href":"https:\/\/www.caririemacao.com\/1\/wp-json\/wp\/v2\/types\/post"}],"author":[{"embeddable":true,"href":"https:\/\/www.caririemacao.com\/1\/wp-json\/wp\/v2\/users\/2"}],"replies":[{"embeddable":true,"href":"https:\/\/www.caririemacao.com\/1\/wp-json\/wp\/v2\/comments?post=170899"}],"version-history":[{"count":1,"href":"https:\/\/www.caririemacao.com\/1\/wp-json\/wp\/v2\/posts\/170899\/revisions"}],"predecessor-version":[{"id":170900,"href":"https:\/\/www.caririemacao.com\/1\/wp-json\/wp\/v2\/posts\/170899\/revisions\/170900"}],"wp:featuredmedia":[{"embeddable":true,"href":"https:\/\/www.caririemacao.com\/1\/wp-json\/wp\/v2\/media\/168117"}],"wp:attachment":[{"href":"https:\/\/www.caririemacao.com\/1\/wp-json\/wp\/v2\/media?parent=170899"}],"wp:term":[{"taxonomy":"category","embeddable":true,"href":"https:\/\/www.caririemacao.com\/1\/wp-json\/wp\/v2\/categories?post=170899"},{"taxonomy":"post_tag","embeddable":true,"href":"https:\/\/www.caririemacao.com\/1\/wp-json\/wp\/v2\/tags?post=170899"}],"curies":[{"name":"wp","href":"https:\/\/api.w.org\/{rel}","templated":true}]}}