{"id":170902,"date":"2020-05-22T06:59:18","date_gmt":"2020-05-22T09:59:18","guid":{"rendered":"https:\/\/www.caririemacao.com\/1\/?p=170902"},"modified":"2020-05-22T06:59:18","modified_gmt":"2020-05-22T09:59:18","slug":"prefeito-adriano-wolff-participa-de-reuniao-remota-com-gestores-do-cisco-para-aprovacao-da-compra-de-uma-maquina-perfuratriz","status":"publish","type":"post","link":"https:\/\/www.caririemacao.com\/1\/2020\/05\/22\/prefeito-adriano-wolff-participa-de-reuniao-remota-com-gestores-do-cisco-para-aprovacao-da-compra-de-uma-maquina-perfuratriz\/","title":{"rendered":"Prefeito Adriano Wolff participa de reuni\u00e3o remota com gestores do CISCO para aprova\u00e7\u00e3o da compra de uma m\u00e1quina perfuratriz"},"content":{"rendered":"\n<p>O prefeito de S\u00e3o Sebasti\u00e3o do Umbuzeiro Adriano Wolff participou de mais uma importante reuni\u00e3o remota com gestores que comp\u00f5em o CISCO, Cons\u00f3rcio Intermunicipal de Sa\u00fade do Cariri Ocidental.<\/p>\n\n\n\n<p>Entre outras pautas a reuni\u00e3o teve como prioridade, a aprova\u00e7\u00e3o de abertura de um cr\u00e9dito adicional por unanimidade para receber recursos provenientes emenda parlamentar do Deputado Federal Wellington Roberto no valor de R$ 1.052.000,00 para aquisi\u00e7\u00e3o de uma perfuratriz que atender\u00e1 os 18 munic\u00edpios consorciados.<\/p>\n\n\n\n<p>\u201cDestaquei durante a reuni\u00e3o, a import\u00e2ncia desse equipamento para nosso munic\u00edpio e para os munic\u00edpios que fazem parte do nosso cons\u00f3rcio, vamos beneficiar muita gente, especialmente os agricultores\u201d, disse Adriano Wolff<\/p>\n\n\n\n<p>\u201cEste ano choveu bem e temos os reservat\u00f3rios cheios, mas sabemos que n\u00e3o vivenciamos esta realidade por muito tempo, ent\u00e3o aqui em S\u00e3o Sebasti\u00e3o do Umbuzeiro vamos priorizar a preven\u00e7\u00e3o, atrav\u00e9s da perfura\u00e7\u00e3o de po\u00e7os, e outras a\u00e7\u00f5es que possam garantir ainda mais a nossa seguran\u00e7a h\u00eddrica\u201d, completou o gestor.<\/p>\n\n\n\n<p>Tamb\u00e9m foram discutidas a\u00e7\u00f5es de combate ao covid-19 e ficou evidenciado que todos os gestores est\u00e3o se esfor\u00e7ando dentro das condi\u00e7\u00f5es de cada munic\u00edpio nas outras a\u00e7\u00f5es que a popula\u00e7\u00e3o necessita.<\/p>\n","protected":false},"excerpt":{"rendered":"<p>O prefeito de S\u00e3o Sebasti\u00e3o do Umbuzeiro Adriano Wolff participou de mais uma importante reuni\u00e3o remota com gestores que comp\u00f5em o CISCO, Cons\u00f3rcio Intermunicipal de&hellip; <\/p>\n","protected":false},"author":2,"featured_media":170903,"comment_status":"closed","ping_status":"closed","sticky":false,"template":"","format":"standard","meta":{"sfsi_plus_gutenberg_text_before_share":"","sfsi_plus_gutenberg_show_text_before_share":"","sfsi_plus_gutenberg_icon_type":"","sfsi_plus_gutenberg_icon_alignemt":"","sfsi_plus_gutenburg_max_per_row":"","footnotes":""},"categories":[6],"tags":[],"class_list":["post-170902","post","type-post","status-publish","format-standard","has-post-thumbnail","hentry","category-cidades"],"_links":{"self":[{"href":"https:\/\/www.caririemacao.com\/1\/wp-json\/wp\/v2\/posts\/170902","targetHints":{"allow":["GET"]}}],"collection":[{"href":"https:\/\/www.caririemacao.com\/1\/wp-json\/wp\/v2\/posts"}],"about":[{"href":"https:\/\/www.caririemacao.com\/1\/wp-json\/wp\/v2\/types\/post"}],"author":[{"embeddable":true,"href":"https:\/\/www.caririemacao.com\/1\/wp-json\/wp\/v2\/users\/2"}],"replies":[{"embeddable":true,"href":"https:\/\/www.caririemacao.com\/1\/wp-json\/wp\/v2\/comments?post=170902"}],"version-history":[{"count":1,"href":"https:\/\/www.caririemacao.com\/1\/wp-json\/wp\/v2\/posts\/170902\/revisions"}],"predecessor-version":[{"id":170904,"href":"https:\/\/www.caririemacao.com\/1\/wp-json\/wp\/v2\/posts\/170902\/revisions\/170904"}],"wp:featuredmedia":[{"embeddable":true,"href":"https:\/\/www.caririemacao.com\/1\/wp-json\/wp\/v2\/media\/170903"}],"wp:attachment":[{"href":"https:\/\/www.caririemacao.com\/1\/wp-json\/wp\/v2\/media?parent=170902"}],"wp:term":[{"taxonomy":"category","embeddable":true,"href":"https:\/\/www.caririemacao.com\/1\/wp-json\/wp\/v2\/categories?post=170902"},{"taxonomy":"post_tag","embeddable":true,"href":"https:\/\/www.caririemacao.com\/1\/wp-json\/wp\/v2\/tags?post=170902"}],"curies":[{"name":"wp","href":"https:\/\/api.w.org\/{rel}","templated":true}]}}